{"id":3828,"date":"2020-09-30T16:14:15","date_gmt":"2020-09-30T16:14:15","guid":{"rendered":"http:\/\/www.radiolimari.cl\/?p=3828"},"modified":"2020-09-30T16:14:15","modified_gmt":"2020-09-30T16:14:15","slug":"coronavirus-miercoles-30-de-septiembre-39-casos-nuevos-en-la-region-y-1-684-en-el-pais","status":"publish","type":"post","link":"https:\/\/www.radiolimari.cl\/?p=3828","title":{"rendered":"#CoronaVirus, Mi\u00e9rcoles 30 de septiembre:  39 casos nuevos en la regi\u00f3n y 1.684 en el pa\u00eds"},"content":{"rendered":"<p><a href=\"https:\/\/www.radiolimari.cl\/wp-content\/uploads\/2020\/09\/NOTICIAS-EN-LIMARI-ULTIMA-HORA-CORONA-VIRUS-20.07.2020.jpg\"><img decoding=\"async\" class=\"alignnone size-medium wp-image-3616\" src=\"https:\/\/www.radiolimari.cl\/wp-content\/uploads\/2020\/09\/NOTICIAS-EN-LIMARI-ULTIMA-HORA-CORONA-VIRUS-20.07.2020-300x150.jpg\" alt=\"NOTICIAS EN LIMARI ULTIMA HORA CORONA VIRUS 20.07.2020\" width=\"300\" height=\"150\" srcset=\"https:\/\/www.radiolimari.cl\/wp-content\/uploads\/2020\/09\/NOTICIAS-EN-LIMARI-ULTIMA-HORA-CORONA-VIRUS-20.07.2020-300x150.jpg 300w, https:\/\/www.radiolimari.cl\/wp-content\/uploads\/2020\/09\/NOTICIAS-EN-LIMARI-ULTIMA-HORA-CORONA-VIRUS-20.07.2020-1024x512.jpg 1024w, https:\/\/www.radiolimari.cl\/wp-content\/uploads\/2020\/09\/NOTICIAS-EN-LIMARI-ULTIMA-HORA-CORONA-VIRUS-20.07.2020.jpg 1148w\" sizes=\"(max-width: 300px) 100vw, 300px\" \/><\/a><\/p>\n<p>10 casos nuevos en la Provincia del Limar\u00ed.\u00a0 R\u00edo Hurtado se mantiene sin casos activos<!--more--><\/p>\n<p>REGION DE COQUIMBO<\/p>\n<p>39 casos nuevos<\/p>\n<p>11.962 casos totales<\/p>\n<p>632 casos activos<\/p>\n<p>211 fallecidos a la fecha<\/p>\n<p>85 hospitalizados<\/p>\n<p>Detalle casos nuevos por comuna en la Regi\u00f3n::<\/p>\n<p>7 de Ovalle<\/p>\n<p>3 Combarbal\u00e1<\/p>\n<p>7 de La Serena<\/p>\n<p>7 de Coquimbo<\/p>\n<p>1 de Paihuano<\/p>\n<p>1 de Vicu\u00f1a<\/p>\n<p>2 de Canela<\/p>\n<p>4 de Los Vilos<\/p>\n<p>4 de Salamanca<\/p>\n<p>2 de otras regiones<\/p>\n<p>1 sin notificaci\u00f3n en el sistema<\/p>\n<p>&nbsp;<\/p>\n<p>BALANCE DIARIO <a href=\"https:\/\/twitter.com\/hashtag\/COVID_19?src=hashtag_click\">#COVID_19<\/a> EN CHILE<\/p>\n<p>1.684 casos nuevos<\/p>\n<p>1.185 casos con s\u00edntomas<\/p>\n<p>449 casos asintom\u00e1ticos<\/p>\n<p>50 no notificados<\/p>\n<p>462.991 casos totales<\/p>\n<p>13.661 activos<\/p>\n<p>436.589 recuperados<\/p>\n<p>16 fallecidos inscritos (12.741 en total)<\/p>\n<p>&nbsp;<\/p>\n","protected":false},"excerpt":{"rendered":"<p>10 casos nuevos en la Provincia del Limar\u00ed.\u00a0 R\u00edo Hurtado se mantiene sin casos activos<\/p>\n","protected":false},"author":2,"featured_media":3616,"comment_status":"open","ping_status":"open","sticky":false,"template":"","format":"standard","meta":{"footnotes":""},"categories":[3],"tags":[],"class_list":["post-3828","post","type-post","status-publish","format-standard","has-post-thumbnail","hentry","category-actualidad"],"_links":{"self":[{"href":"https:\/\/www.radiolimari.cl\/index.php?rest_route=\/wp\/v2\/posts\/3828","targetHints":{"allow":["GET"]}}],"collection":[{"href":"https:\/\/www.radiolimari.cl\/index.php?rest_route=\/wp\/v2\/posts"}],"about":[{"href":"https:\/\/www.radiolimari.cl\/index.php?rest_route=\/wp\/v2\/types\/post"}],"author":[{"embeddable":true,"href":"https:\/\/www.radiolimari.cl\/index.php?rest_route=\/wp\/v2\/users\/2"}],"replies":[{"embeddable":true,"href":"https:\/\/www.radiolimari.cl\/index.php?rest_route=%2Fwp%2Fv2%2Fcomments&post=3828"}],"version-history":[{"count":1,"href":"https:\/\/www.radiolimari.cl\/index.php?rest_route=\/wp\/v2\/posts\/3828\/revisions"}],"predecessor-version":[{"id":3829,"href":"https:\/\/www.radiolimari.cl\/index.php?rest_route=\/wp\/v2\/posts\/3828\/revisions\/3829"}],"wp:featuredmedia":[{"embeddable":true,"href":"https:\/\/www.radiolimari.cl\/index.php?rest_route=\/wp\/v2\/media\/3616"}],"wp:attachment":[{"href":"https:\/\/www.radiolimari.cl\/index.php?rest_route=%2Fwp%2Fv2%2Fmedia&parent=3828"}],"wp:term":[{"taxonomy":"category","embeddable":true,"href":"https:\/\/www.radiolimari.cl\/index.php?rest_route=%2Fwp%2Fv2%2Fcategories&post=3828"},{"taxonomy":"post_tag","embeddable":true,"href":"https:\/\/www.radiolimari.cl\/index.php?rest_route=%2Fwp%2Fv2%2Ftags&post=3828"}],"curies":[{"name":"wp","href":"https:\/\/api.w.org\/{rel}","templated":true}]}}