{"id":3825,"date":"2020-09-30T15:56:56","date_gmt":"2020-09-30T15:56:56","guid":{"rendered":"http:\/\/www.radiolimari.cl\/?p=3825"},"modified":"2020-09-30T15:56:56","modified_gmt":"2020-09-30T15:56:56","slug":"ovalle-mantiene-bajos-niveles-de-infracciones-en-medio-de-su-cuarentena","status":"publish","type":"post","link":"https:\/\/www.radiolimari.cl\/?p=3825","title":{"rendered":"Ovalle mantiene bajos niveles de infracciones en medio de su cuarentena"},"content":{"rendered":"<p><a href=\"https:\/\/www.radiolimari.cl\/wp-content\/uploads\/2020\/09\/30.09-ovalle-intendente.jpg\"><img decoding=\"async\" class=\"alignnone size-medium wp-image-3826\" src=\"https:\/\/www.radiolimari.cl\/wp-content\/uploads\/2020\/09\/30.09-ovalle-intendente-300x160.jpg\" alt=\"30.09 ovalle intendente\" width=\"300\" height=\"160\" srcset=\"https:\/\/www.radiolimari.cl\/wp-content\/uploads\/2020\/09\/30.09-ovalle-intendente-300x160.jpg 300w, https:\/\/www.radiolimari.cl\/wp-content\/uploads\/2020\/09\/30.09-ovalle-intendente-620x330.jpg 620w, https:\/\/www.radiolimari.cl\/wp-content\/uploads\/2020\/09\/30.09-ovalle-intendente.jpg 1024w\" sizes=\"(max-width: 300px) 100vw, 300px\" \/><\/a><\/p>\n<p>&#8211;\u00a0\u00a0\u00a0\u00a0\u00a0\u00a0 <strong><em>S\u00f3lo en las primeras 48 horas de la sexta semana de confinamiento, las Fuerzas de Seguridad registran apenas 32 detenidos, principalmente, por no contar con sus permisos de desplazamiento.<\/em><\/strong><!--more--><\/p>\n<p>Ovalle es la \u00fanica comuna de la Regi\u00f3n de Coquimbo que se mantiene en cuarentena.<\/p>\n<p>&nbsp;<\/p>\n<p>Los casos activos han experimentado una reducci\u00f3n sostenida. Sin embargo, las fuerzas de seguridad e inspectores del Ministerio\u00a0 de Salud se han mantenido realizando estrictos controles a la comunidad en diversos puntos de la comuna.<\/p>\n<p>&nbsp;<\/p>\n<p>Al cumplir la sexta semana de confinamiento, el Intendente (s) de Coquimbo, Gonzalo Chac\u00f3n, lider\u00f3 un nuevo despliegue para constatar el cumplimiento de las medidas sanitarias y las restricciones propias de la cuarentena.<\/p>\n<p>&nbsp;<\/p>\n<p><strong>\u00abEn las primeras 48 horas de esta semana apenas tenemos 32 detenidos en diferentes barrios, lo que representa una cifra baja y refleja que la gente est\u00e1 respetando la cuarentena. Seguiremos fiscalizado a toda hora y todos los d\u00edas. El llamado es a salir cuando es necesario y a hacer buen uso de los permisos, evitando contagios e infracciones\u00bb<\/strong>, indic\u00f3 la autoridad.<\/p>\n<p>&nbsp;<\/p>\n<p>La comuna de Ovalle se ha mantenido con una baja en cuanto a los infractores, reafirmando el buen comportamiento que han tenido los vecinos en lo que va de cuarentena.<\/p>\n<p>&nbsp;<\/p>\n<p>En esta l\u00ednea, el Mayor Ricardo Cabezas, Delegado de la Defensa Regional en la Provincia de Limar\u00ed, indic\u00f3 que <strong>\u00abtenemos un balance positivo. La mayor\u00eda de los detenidos son, principalmente, por no portar sus permisos de desplazamiento, la mayor\u00eda son vecinos que salen a comprar sin este documento. Pero hemos notado una baja en la movilidad e insistimos en que mantengan con esta conducta\u00bb<\/strong>.<\/p>\n<p>&nbsp;<\/p>\n<p>En la ciudad existen 6 puntos externos para el control de ingreso y salida, adem\u00e1s de varios puntos de control din\u00e1micos en los que est\u00e1n trabajando, bajo coordinaci\u00f3n del Gobierno, personal del Ej\u00e9rcito, Polic\u00eda de Investigaciones, Carabineros, profesionales del MINSAL y tambi\u00e9n con apoyo de funcionarios del municipio de Ovalle.<\/p>\n<p><strong>\u00a0<\/strong><\/p>\n","protected":false},"excerpt":{"rendered":"<p>&#8211;\u00a0\u00a0\u00a0\u00a0\u00a0\u00a0 S\u00f3lo en las primeras 48 horas de la sexta semana de confinamiento, las Fuerzas de Seguridad registran apenas 32 detenidos, principalmente, por no contar con sus permisos de desplazamiento.<\/p>\n","protected":false},"author":2,"featured_media":3826,"comment_status":"open","ping_status":"open","sticky":false,"template":"","format":"standard","meta":{"footnotes":""},"categories":[3],"tags":[],"class_list":["post-3825","post","type-post","status-publish","format-standard","has-post-thumbnail","hentry","category-actualidad"],"_links":{"self":[{"href":"https:\/\/www.radiolimari.cl\/index.php?rest_route=\/wp\/v2\/posts\/3825","targetHints":{"allow":["GET"]}}],"collection":[{"href":"https:\/\/www.radiolimari.cl\/index.php?rest_route=\/wp\/v2\/posts"}],"about":[{"href":"https:\/\/www.radiolimari.cl\/index.php?rest_route=\/wp\/v2\/types\/post"}],"author":[{"embeddable":true,"href":"https:\/\/www.radiolimari.cl\/index.php?rest_route=\/wp\/v2\/users\/2"}],"replies":[{"embeddable":true,"href":"https:\/\/www.radiolimari.cl\/index.php?rest_route=%2Fwp%2Fv2%2Fcomments&post=3825"}],"version-history":[{"count":1,"href":"https:\/\/www.radiolimari.cl\/index.php?rest_route=\/wp\/v2\/posts\/3825\/revisions"}],"predecessor-version":[{"id":3827,"href":"https:\/\/www.radiolimari.cl\/index.php?rest_route=\/wp\/v2\/posts\/3825\/revisions\/3827"}],"wp:featuredmedia":[{"embeddable":true,"href":"https:\/\/www.radiolimari.cl\/index.php?rest_route=\/wp\/v2\/media\/3826"}],"wp:attachment":[{"href":"https:\/\/www.radiolimari.cl\/index.php?rest_route=%2Fwp%2Fv2%2Fmedia&parent=3825"}],"wp:term":[{"taxonomy":"category","embeddable":true,"href":"https:\/\/www.radiolimari.cl\/index.php?rest_route=%2Fwp%2Fv2%2Fcategories&post=3825"},{"taxonomy":"post_tag","embeddable":true,"href":"https:\/\/www.radiolimari.cl\/index.php?rest_route=%2Fwp%2Fv2%2Ftags&post=3825"}],"curies":[{"name":"wp","href":"https:\/\/api.w.org\/{rel}","templated":true}]}}