{"id":3821,"date":"2020-09-30T15:30:43","date_gmt":"2020-09-30T15:30:43","guid":{"rendered":"http:\/\/www.radiolimari.cl\/?p=3821"},"modified":"2020-09-30T15:30:43","modified_gmt":"2020-09-30T15:30:43","slug":"proyectos-foncrea-2020-de-ovalle-comienzan-concretarse","status":"publish","type":"post","link":"https:\/\/www.radiolimari.cl\/?p=3821","title":{"rendered":"Proyectos FONCREA 2020 de Ovalle, comienzan concretarse"},"content":{"rendered":"<p><a href=\"https:\/\/www.radiolimari.cl\/wp-content\/uploads\/2020\/09\/30.09-foncrea-ovalle.jpg\"><img fetchpriority=\"high\" decoding=\"async\" class=\"alignnone size-medium wp-image-3822\" src=\"https:\/\/www.radiolimari.cl\/wp-content\/uploads\/2020\/09\/30.09-foncrea-ovalle-300x199.jpg\" alt=\"30.09 foncrea ovalle\" width=\"300\" height=\"199\" srcset=\"https:\/\/www.radiolimari.cl\/wp-content\/uploads\/2020\/09\/30.09-foncrea-ovalle-300x199.jpg 300w, https:\/\/www.radiolimari.cl\/wp-content\/uploads\/2020\/09\/30.09-foncrea-ovalle-1024x680.jpg 1024w, https:\/\/www.radiolimari.cl\/wp-content\/uploads\/2020\/09\/30.09-foncrea-ovalle.jpg 1444w\" sizes=\"(max-width: 300px) 100vw, 300px\" \/><\/a><\/p>\n<p><strong>5 son los proyectos ganadores y uno de ellos este jueves 01 de octubre llega a su etapa final con la inauguraci\u00f3n de la muestra. Se trata de la exposici\u00f3n online \u201cDemencia\u201d que se exhibir\u00e1 a trav\u00e9s de ovalleculturaplay.cl<\/strong><!--more--><\/p>\n<p>Si bien la pandemia del Covid-19 ha complejizado el desarrollo de diversas actividades art\u00edsticas y culturales, los creadores ovallinos han buscado la forma de adaptarse a este nuevo escenario. Muestra de ello son los cinco proyectos ganadores del Fondo de Creaci\u00f3n y Producci\u00f3n (FONCREA) 2020, que pese a la crisis sanitaria se contin\u00faan desarrollando.<\/p>\n<p>Los recursos entregados por la Corporaci\u00f3n Cultural Municipal de Ovalle el pasado 15 de julio permiti\u00f3 que se comenzaran a ejecutar acciones por parte de los equipos de trabajo de \u201cDemencia: Exposici\u00f3n Fotograf\u00eda conceptual sobre la demencia tipo Alzheimer\u201d, representado por Javiera Paz Montecinos; \u201cProducci\u00f3n Fonogr\u00e1fica Hesper banda\u201d, postulado por Jorge Sebasti\u00e1n Cort\u00e9s; Los Condenados \u00abSoy de Ovalle\u00bb, un proyecto presentado por Diego Antonio Gonz\u00e1lez; \u201cTodes\u201d, de Carlos Navarro y el Cortometraje documental \u00abAgua que no has de beber&#8230;\u00bb, cuyo representante es Nicol\u00e1s Hermosilla.<\/p>\n<p>A casi tres meses de la entrega de estos recursos los proyectos comienzan a tomar forma. Tal es el caso de la Banda Hesper que ya se encuentra en la producci\u00f3n fonogr\u00e1fica de lo que ser\u00e1 su nuevo disco. Actualmente la banda cuenta con un 50 % de del proyecto listo, el cual considera la grabaci\u00f3n de 10 temas. \u201cA pesar de que la cuarentena nos ha truncado los tiempos; ya contamos con las maquetas listas y pr\u00f3ximamente comenzaremos con los arreglos finales y la idea es iniciar pronto las grabaciones\u201d. As\u00ed lo manifest\u00f3 Cristian Vera, integrante de la banda y parte del equipo de trabajo, quien adem\u00e1s detall\u00f3 que debido a las condiciones \u201chemos estando presentando las ideas v\u00eda teletrabajo y tambi\u00e9n hemos tenido la oportunidad de juntarnos en el estudio en algunas ocasiones -tomando todas las medidas de seguridad que amerita la situaci\u00f3n- lo que nos ha permitido avanzar en lo que ser\u00e1 nuestro \u00e1lbum\u201d.<\/p>\n<p>Otro de los proyectos que se encuentra \u00a0avanzando en sus procesos es el cortometraje \u201cAgua que no has de beber&#8230;\u201d, el cual plantea una reflexi\u00f3n acerca de la situaci\u00f3n h\u00eddrica del valle del Limar\u00ed.<\/p>\n<p>Los creadores de esta pieza audiovisual buscan exhibir los cambios que ha sufrido este valle a lo largo del\u00a0 tiempo, a trav\u00e9s de la contemplaci\u00f3n de la belleza natural que resiste a la desertificaci\u00f3n y las\u00a0 huellas que ha dejado esta idea de progreso, contrastado con una invitaci\u00f3n a la\u00a0 reflexi\u00f3n propositiva de la audiencia a ser parte activa de las transformaciones\u00a0 sustentables que el territorio necesita para seguir conviviendo en armon\u00eda con nuestro\u00a0 ambiente.<\/p>\n<p>A pesar de que no ha sido un camino f\u00e1cil para este equipo, \u00a0los brazos no han deca\u00eddo y las buenas noticias comienzan a llegar. Seg\u00fan nos comenta Nicol\u00e1s Hermosilla, encargado del proyecto, \u201cterminamos la etapa de preproducci\u00f3n y nos llegaron los equipos que adquirimos para el rodaje, lo que nos tiene muy emocionados. Tenemos programado comenzar este fin de semana la etapa de rodaje en la que \u00a0recorreremos distintos lugares de la provincia no solo que evidencian el paso sequ\u00eda sino que muestran la importancia del agua en la zona. As\u00ed mismo estaremos compartiendo modos de vida con quienes habitan en el territorio, quienes ya fueron contactadas previamente, y con quienes tomaremos todas las medidas de seguridad, como el distanciamiento social y los protocolos sanitarios\u00a0 \u00a0necesarios en este contexto de pandemia\u201d.<\/p>\n<p>&nbsp;<\/p>\n<p>&nbsp;<\/p>\n<p><strong>\u201cDEMENCIA\u201d SE INAUGURA ESTE JUEVES SIENDO EL PRIMER PROYECTO EN LOGRAR SU COMPLETA EJECUCI\u00d3N <\/strong><\/p>\n<p>En el mes de la Salud Mental, se inaugurar\u00e1 esta exposici\u00f3n fotogr\u00e1fica que aborda lademencia tipo Alzheimer desde el imaginario del paciente diagnosticado. Si bien inicialmente el proyecto \u201cDemencia\u201d comenz\u00f3 como un deseo de documentar el comportamiento de un individuo con la enfermedad visto desde el rol de cuidador, este \u00e1ngulo cambia debido a un nuevo entendimiento sobre el tema a trav\u00e9s de la conversaci\u00f3n propia de convivir diariamente; por lo que ocurre un reconocimiento de la individualidad de la afectada y su deseo de mantener un recibimiento general equitativo, un respeto por sus procesos y ritmos de respuesta sin infantilizar o invalidar su expresi\u00f3n comunicativa, dando un punto de vista m\u00e1s emp\u00e1tico con su percepci\u00f3n de la realidad y de sus v\u00ednculos de apego a largo plazo.<\/p>\n<p>Para Javiera Guerra, gestora del proyecto, \u201cDemencia\u201d no es una editorial, \u201cyo dir\u00eda que es una serie de fotoarte, donde el vestuario, la luz, todo comunica. Y este trabajo nos ayud\u00f3 a procesar y entender la individualidad y lo que pasa quien es diagnosticada con Alzheimer y contar con los recursos para desarrollar el proyecto sin duda fue una noticia muy emocionante y significativa y m\u00e1s a\u00fan saber que se inaugurar\u00e1 en la Galer\u00eda Homero Mart\u00ednez Salas y permanecer\u00e1 en las plataformas digitales de OvalleCulturaPlay\u201d.<\/p>\n<p>Por su parte Mat\u00edas Ignacio, quien forma parte de la dupla creativa del proyecto se\u00f1al\u00f3 que \u00a0\u201cDemencia es la narraci\u00f3n visual de vivir con un paciente tipo Alzheimer, en este caso es mi abuela paterna, Raquel, quien tiene esta enfermedad mental desde hace dos a\u00f1os y medio lo que nos motiv\u00f3 a desarrollar este proyecto. Sin embargo nos dimos cuenta que no pod\u00edamos exponerla y es cuando conocemos a M\u00f3nica D\u00edaz quien trabaja en este proceso\u201d.<\/p>\n<p>Cabe destacar que \u00a0a partir de este jueves 01 de octubre esta muestra fotogr\u00e1fica que adem\u00e1s de plasmar la visi\u00f3n de dicha tem\u00e1tica provee una notable riqueza est\u00e9tica a trav\u00e9s de una ejecuci\u00f3n enfocada hacia el manejo de habilidades utilizadas en Direcci\u00f3n de Arte en Fotograf\u00eda Conceptual y de Moda, estar\u00e1 disponible en la plataforma ovalleculturaplay.cl; donde las audiencias podr\u00e1n realizar un recorrido online detallado de cada fotograf\u00eda y del trabajo global.<\/p>\n<p>Para el director ejecutivo de la Corporaci\u00f3n Cultural Municipal de Ovalle, Ifman Huerta Saavedra que \u201cproyectos postulados al FONCREA 2020 puedan ejecutarse, a pesar de este panorama que estamos viviendo nos motiva a seguir trabajando de la mano de los artistas y creadores locales, quienes han buscado la manera y de seguir desarroll\u00e1ndose. En el caso muy espec\u00edfico de este programa, nosotros como Corporaci\u00f3n estamos comprometidos no solo a trav\u00e9s de la entrega de financiamiento sino con el apoyo de un equipo ejecutivo y t\u00e9cnico, a fin de garantizar el \u00e9xito conjunto de cada proyecto. Este jueves ya el primero de ellos ver\u00e1 la luz con una inauguraci\u00f3n online, la cual invitamos a ver, ya que es una muestra que nos invita a reflexionar sobre una tem\u00e1tica tan sensible como la demencia Tipo Alzheimer como parte del Ciclo de Artes Visuales de la Galer\u00eda Homero Mart\u00ednez Salas y que permanecer\u00e1 disponible en la plataforma ovalleculturaplay.cl y el Youtube Ovalle Cultura de forma gratuita, donde quienes ingresen podr\u00e1n observar escenas unidas por el factor com\u00fan de maximizar en s\u00edmbolos est\u00e9ticos la experiencia emocional durante el diagn\u00f3stico de Alzheimer, los s\u00edntomas y fases en las que gradualmente avanza la enfermedad\u201d.<\/p>\n","protected":false},"excerpt":{"rendered":"<p>5 son los proyectos ganadores y uno de ellos este jueves 01 de octubre llega a su etapa final con la inauguraci\u00f3n de la muestra. Se trata de la exposici\u00f3n online \u201cDemencia\u201d que se exhibir\u00e1 a trav\u00e9s de ovalleculturaplay.cl<\/p>\n","protected":false},"author":2,"featured_media":3822,"comment_status":"open","ping_status":"open","sticky":false,"template":"","format":"standard","meta":{"footnotes":""},"categories":[5],"tags":[],"class_list":["post-3821","post","type-post","status-publish","format-standard","has-post-thumbnail","hentry","category-actualidad-limarina"],"_links":{"self":[{"href":"https:\/\/www.radiolimari.cl\/index.php?rest_route=\/wp\/v2\/posts\/3821","targetHints":{"allow":["GET"]}}],"collection":[{"href":"https:\/\/www.radiolimari.cl\/index.php?rest_route=\/wp\/v2\/posts"}],"about":[{"href":"https:\/\/www.radiolimari.cl\/index.php?rest_route=\/wp\/v2\/types\/post"}],"author":[{"embeddable":true,"href":"https:\/\/www.radiolimari.cl\/index.php?rest_route=\/wp\/v2\/users\/2"}],"replies":[{"embeddable":true,"href":"https:\/\/www.radiolimari.cl\/index.php?rest_route=%2Fwp%2Fv2%2Fcomments&post=3821"}],"version-history":[{"count":1,"href":"https:\/\/www.radiolimari.cl\/index.php?rest_route=\/wp\/v2\/posts\/3821\/revisions"}],"predecessor-version":[{"id":3823,"href":"https:\/\/www.radiolimari.cl\/index.php?rest_route=\/wp\/v2\/posts\/3821\/revisions\/3823"}],"wp:featuredmedia":[{"embeddable":true,"href":"https:\/\/www.radiolimari.cl\/index.php?rest_route=\/wp\/v2\/media\/3822"}],"wp:attachment":[{"href":"https:\/\/www.radiolimari.cl\/index.php?rest_route=%2Fwp%2Fv2%2Fmedia&parent=3821"}],"wp:term":[{"taxonomy":"category","embeddable":true,"href":"https:\/\/www.radiolimari.cl\/index.php?rest_route=%2Fwp%2Fv2%2Fcategories&post=3821"},{"taxonomy":"post_tag","embeddable":true,"href":"https:\/\/www.radiolimari.cl\/index.php?rest_route=%2Fwp%2Fv2%2Ftags&post=3821"}],"curies":[{"name":"wp","href":"https:\/\/api.w.org\/{rel}","templated":true}]}}