{"id":3815,"date":"2020-09-29T19:26:13","date_gmt":"2020-09-29T19:26:13","guid":{"rendered":"http:\/\/www.radiolimari.cl\/?p=3815"},"modified":"2020-09-29T19:26:13","modified_gmt":"2020-09-29T19:26:13","slug":"equipos-del-departamento-de-salud-continuan-realizando-examenes-pcr-gratuitos-en-ovalle","status":"publish","type":"post","link":"https:\/\/www.radiolimari.cl\/?p=3815","title":{"rendered":"Equipos del departamento de Salud contin\u00faan realizando ex\u00e1menes PCR gratuitos en Ovalle"},"content":{"rendered":"<p><a href=\"https:\/\/www.radiolimari.cl\/wp-content\/uploads\/2020\/09\/29.09-Test-PCR-Feria-Modelo-de-Ovalle.jpg\"><img fetchpriority=\"high\" decoding=\"async\" class=\"alignnone size-medium wp-image-3816\" src=\"https:\/\/www.radiolimari.cl\/wp-content\/uploads\/2020\/09\/29.09-Test-PCR-Feria-Modelo-de-Ovalle-300x225.jpg\" alt=\"29.09 Test PCR Feria Modelo de Ovalle\" width=\"300\" height=\"225\" srcset=\"https:\/\/www.radiolimari.cl\/wp-content\/uploads\/2020\/09\/29.09-Test-PCR-Feria-Modelo-de-Ovalle-300x225.jpg 300w, https:\/\/www.radiolimari.cl\/wp-content\/uploads\/2020\/09\/29.09-Test-PCR-Feria-Modelo-de-Ovalle-1024x768.jpg 1024w\" sizes=\"(max-width: 300px) 100vw, 300px\" \/><\/a><\/p>\n<p><strong><em>Esta semana el personal m\u00e9dico recorrer\u00e1 poblaciones y localidades rurales de la comuna, a lo que se suma la toma de muestras en la Alameda, sector Espejo de Agua. A trav\u00e9s del programa de Pesquisa Activa se realizan 150 ex\u00e1menes diarios y los resultados son entregados en un periodo de 2 a 5 d\u00edas, dando prioridad a los casos que resultan positivos. <\/em><\/strong><!--more--><\/p>\n<p>El personal del departamento de Salud Municipal contin\u00faa desarrollando el plan de Pesquisa Activa realizando test PCR gratuitos, tanto en la zona urbana, como rural de la comuna. Recordemos, que esta iniciativa se enmarca en el plan Testear, Trazar y Aislar que impulsa el ministerio de Salud y que tiene como objetivo principal detectar los casos asintom\u00e1ticos de Covid-19 y sus contactos estrechos, para aislarlos oportunamente y evitar la propagaci\u00f3n del virus.<\/p>\n<p>Al punto de toma de muestras ubicado en la alameda de Ovalle, sector Espejo de Agua, que funciona diariamente de 10 a 13 horas, se suman unidades m\u00f3viles que se despliegan en las poblaciones y en las localidades rurales. En total se realizan 150 muestras diarias y en un periodo de 2 a 5 d\u00edas se entregan los resultados v\u00eda telef\u00f3nica.<\/p>\n<p>Este\u00a0 mi\u00e9rcoles 30 de septiembre, los profesionales de la salud atender\u00e1n en el Cecosf Limar\u00ed, en las localidades El Teniente y Villaseca, en la poblaci\u00f3n Pacifico, en el Servicio Agr\u00edcola y Ganadero (SAG), Cesfam Fray Jorge y Cesfam Sotaqui.<\/p>\n<p>El jueves 1 de octubre, se tomar\u00e1n muestras en Cesfam Sotaqui, en Altos de La Chimba, Cecof Los Copihues de Los Leices y en las poblaciones Uni\u00f3n y Progreso y Mundo Nuevo de La Chimba. Tambi\u00e9n realizar\u00e1n atenciones en los Cesfam Marcos Macuada, Cesfam Jorge Jord\u00e1n y Cesfam Fray Jorge. Finalmente, el viernes 2 de octubre se realizar\u00e1n PCR gratuitos en el Cesfam Fray Jorge y en las localidades de Recoleta, Nueva Aurora y Alcones Bajo, adem\u00e1s de los Cesfam Jorge Jordan, Cesfam Marcos Macuada y Cesfam Sotaqui.<\/p>\n<p>Invitamos a la comunidad a informarse en Facebook, Ilustre Municipalidad de Ovalle y en Instagram @muniovalle, donde se publicar\u00e1n semanalmente los lugares de toma de muestras PCR gratuitas.<\/p>\n<p>&nbsp;<\/p>\n<p>&nbsp;<\/p>\n","protected":false},"excerpt":{"rendered":"<p>Esta semana el personal m\u00e9dico recorrer\u00e1 poblaciones y localidades rurales de la comuna, a lo que se suma la toma de muestras en la Alameda, sector Espejo de Agua. A trav\u00e9s del programa de Pesquisa Activa se realizan 150 ex\u00e1menes diarios y los resultados son entregados en un periodo de 2 a 5 d\u00edas, dando &#8230;<\/p>\n","protected":false},"author":2,"featured_media":3816,"comment_status":"open","ping_status":"open","sticky":false,"template":"","format":"standard","meta":{"footnotes":""},"categories":[5],"tags":[],"class_list":["post-3815","post","type-post","status-publish","format-standard","has-post-thumbnail","hentry","category-actualidad-limarina"],"_links":{"self":[{"href":"https:\/\/www.radiolimari.cl\/index.php?rest_route=\/wp\/v2\/posts\/3815","targetHints":{"allow":["GET"]}}],"collection":[{"href":"https:\/\/www.radiolimari.cl\/index.php?rest_route=\/wp\/v2\/posts"}],"about":[{"href":"https:\/\/www.radiolimari.cl\/index.php?rest_route=\/wp\/v2\/types\/post"}],"author":[{"embeddable":true,"href":"https:\/\/www.radiolimari.cl\/index.php?rest_route=\/wp\/v2\/users\/2"}],"replies":[{"embeddable":true,"href":"https:\/\/www.radiolimari.cl\/index.php?rest_route=%2Fwp%2Fv2%2Fcomments&post=3815"}],"version-history":[{"count":1,"href":"https:\/\/www.radiolimari.cl\/index.php?rest_route=\/wp\/v2\/posts\/3815\/revisions"}],"predecessor-version":[{"id":3817,"href":"https:\/\/www.radiolimari.cl\/index.php?rest_route=\/wp\/v2\/posts\/3815\/revisions\/3817"}],"wp:featuredmedia":[{"embeddable":true,"href":"https:\/\/www.radiolimari.cl\/index.php?rest_route=\/wp\/v2\/media\/3816"}],"wp:attachment":[{"href":"https:\/\/www.radiolimari.cl\/index.php?rest_route=%2Fwp%2Fv2%2Fmedia&parent=3815"}],"wp:term":[{"taxonomy":"category","embeddable":true,"href":"https:\/\/www.radiolimari.cl\/index.php?rest_route=%2Fwp%2Fv2%2Fcategories&post=3815"},{"taxonomy":"post_tag","embeddable":true,"href":"https:\/\/www.radiolimari.cl\/index.php?rest_route=%2Fwp%2Fv2%2Ftags&post=3815"}],"curies":[{"name":"wp","href":"https:\/\/api.w.org\/{rel}","templated":true}]}}