{"id":3804,"date":"2020-09-28T23:47:23","date_gmt":"2020-09-28T23:47:23","guid":{"rendered":"http:\/\/www.radiolimari.cl\/?p=3804"},"modified":"2020-09-28T23:47:23","modified_gmt":"2020-09-28T23:47:23","slug":"centros-educativos-culturales-de-infancia-de-monte-patria-reciben-material-educativo","status":"publish","type":"post","link":"https:\/\/www.radiolimari.cl\/?p=3804","title":{"rendered":"Centros educativos culturales de Infancia de Monte Patria reciben material educativo"},"content":{"rendered":"<p><a href=\"https:\/\/www.radiolimari.cl\/wp-content\/uploads\/2020\/09\/28.9-KITS-EDUCATIVOS-CECI-1.jpeg\"><img fetchpriority=\"high\" decoding=\"async\" class=\"alignnone size-medium wp-image-3805\" src=\"https:\/\/www.radiolimari.cl\/wp-content\/uploads\/2020\/09\/28.9-KITS-EDUCATIVOS-CECI-1-300x225.jpeg\" alt=\"28.9 KITS EDUCATIVOS CECI (1)\" width=\"300\" height=\"225\" srcset=\"https:\/\/www.radiolimari.cl\/wp-content\/uploads\/2020\/09\/28.9-KITS-EDUCATIVOS-CECI-1-300x225.jpeg 300w, https:\/\/www.radiolimari.cl\/wp-content\/uploads\/2020\/09\/28.9-KITS-EDUCATIVOS-CECI-1-1024x768.jpeg 1024w, https:\/\/www.radiolimari.cl\/wp-content\/uploads\/2020\/09\/28.9-KITS-EDUCATIVOS-CECI-1.jpeg 1280w\" sizes=\"(max-width: 300px) 100vw, 300px\" \/><\/a><\/p>\n<p><strong><em>Iniciativa busca mejorar el proceso formativo de ni\u00f1os y ni\u00f1as menores de 6 a\u00f1os de sectores rurales.<\/em><\/strong><!--more--><\/p>\n<p>75 familias con p\u00e1rvulos inscritos en los Centros Educativos Culturales de Infancia (CECI) de Monte Patria, recibir\u00e1n material educativo gratuitamente, gracias a las gestiones de la Gobernaci\u00f3n de Limar\u00ed, en conjunto a la SEREMI de Desarrollo Social y JUNJI. Se trata de kits de aprendizaje en formato f\u00edsico, con tareas y diversas herramientas para que los apoderados incentiven el aprendizaje de los ni\u00f1os y ni\u00f1as.<\/p>\n<p>\u201cDestacamos esta iniciativa de herramientas pedag\u00f3gicas para ni\u00f1os de jardines itinerantes de nuestra provincia de Limar\u00ed. Estamos cumpliendo con el objetivo de este\u00a0 Gobierno que\u00a0 fomenta la educaci\u00f3n temprana de los ni\u00f1os y ni\u00f1as para que tengan un mejor desarrollo cognitivo y les permita adquirir habilidades para una mejor educaci\u00f3n y desarrollo de sus potencialidades. Adem\u00e1s, estamos llegando a zonas rurales con estos kits formativos, lo que cobra vital importancia en el contexto de pandemia en el que nos encontramos donde buscamos nuevas formas de entregar una mejor educaci\u00f3n a los ni\u00f1os del pa\u00eds\u201d, se\u00f1al\u00f3 el Gobernador de Limar\u00ed Iv\u00e1n Espinoza.<\/p>\n<p>Los Centros Educativos Culturales de Infancia (CECI) corresponden a una de las modalidades Alternativas de Atenci\u00f3n de la JUNJI, que busca entregar educaci\u00f3n inicial de calidad a ni\u00f1os y ni\u00f1as de 0 a 6 a\u00f1os, principalmente de sectores rurales que no hayan recibido atenci\u00f3n por parte de los programas convencionales y otros de car\u00e1cter alternativo, que no acceden a la educaci\u00f3n formal, con el prop\u00f3sito de que desarrollen aprendizajes a trav\u00e9s de proyectos educativos con \u00e9nfasis en la expresi\u00f3n art\u00edstica y cultural.<\/p>\n<p>Al respecto, Tom\u00e1s Gonz\u00e1lez director regional de la Junji destac\u00f3 que \u00ablos Ceci desarrollan una labor fundamental en el territorio relevando las caracter\u00edsticas propias de la localidades donde se encuentran insertos, entregando una educaci\u00f3n parvularia de calidad y pertinente. Sin duda estos kits son una importante herramienta educativa para promover el desarrollo de los aprendizajes de ni\u00f1as y ni\u00f1os,\u00a0 y para\u00a0 apoyar la\u00a0 labor pedag\u00f3gica que llevan a cabo los equipos t\u00e9cnicos, por lo tanto estamos agradecidos de poder contar con este material\u00bb.<\/p>\n<p>La entrega de estos beneficios ser\u00e1 coordinada y realizada por la Gobernaci\u00f3n de Limar\u00ed, con los resgurados de medidas sanitarias y beneficiando a los siguientes jardines:<\/p>\n<p>Los Morales- Rayito de Sol<\/p>\n<p>Mialqui- Los Zorzalitos<\/p>\n<p>Cha\u00f1arasl de Car\u00e9n \u2013 Abejitas Traviesas<\/p>\n<p>Rapel- Capullitos de Rapel<\/p>\n<p>Sol de las Praderas- Solcitos de mi Pradera<\/p>\n<p>El Palomo- El Palomo<\/p>\n","protected":false},"excerpt":{"rendered":"<p>Iniciativa busca mejorar el proceso formativo de ni\u00f1os y ni\u00f1as menores de 6 a\u00f1os de sectores rurales.<\/p>\n","protected":false},"author":2,"featured_media":3805,"comment_status":"open","ping_status":"open","sticky":false,"template":"","format":"standard","meta":{"footnotes":""},"categories":[5],"tags":[],"class_list":["post-3804","post","type-post","status-publish","format-standard","has-post-thumbnail","hentry","category-actualidad-limarina"],"_links":{"self":[{"href":"https:\/\/www.radiolimari.cl\/index.php?rest_route=\/wp\/v2\/posts\/3804","targetHints":{"allow":["GET"]}}],"collection":[{"href":"https:\/\/www.radiolimari.cl\/index.php?rest_route=\/wp\/v2\/posts"}],"about":[{"href":"https:\/\/www.radiolimari.cl\/index.php?rest_route=\/wp\/v2\/types\/post"}],"author":[{"embeddable":true,"href":"https:\/\/www.radiolimari.cl\/index.php?rest_route=\/wp\/v2\/users\/2"}],"replies":[{"embeddable":true,"href":"https:\/\/www.radiolimari.cl\/index.php?rest_route=%2Fwp%2Fv2%2Fcomments&post=3804"}],"version-history":[{"count":1,"href":"https:\/\/www.radiolimari.cl\/index.php?rest_route=\/wp\/v2\/posts\/3804\/revisions"}],"predecessor-version":[{"id":3806,"href":"https:\/\/www.radiolimari.cl\/index.php?rest_route=\/wp\/v2\/posts\/3804\/revisions\/3806"}],"wp:featuredmedia":[{"embeddable":true,"href":"https:\/\/www.radiolimari.cl\/index.php?rest_route=\/wp\/v2\/media\/3805"}],"wp:attachment":[{"href":"https:\/\/www.radiolimari.cl\/index.php?rest_route=%2Fwp%2Fv2%2Fmedia&parent=3804"}],"wp:term":[{"taxonomy":"category","embeddable":true,"href":"https:\/\/www.radiolimari.cl\/index.php?rest_route=%2Fwp%2Fv2%2Fcategories&post=3804"},{"taxonomy":"post_tag","embeddable":true,"href":"https:\/\/www.radiolimari.cl\/index.php?rest_route=%2Fwp%2Fv2%2Ftags&post=3804"}],"curies":[{"name":"wp","href":"https:\/\/api.w.org\/{rel}","templated":true}]}}