{"id":3801,"date":"2020-09-28T18:44:25","date_gmt":"2020-09-28T18:44:25","guid":{"rendered":"http:\/\/www.radiolimari.cl\/?p=3801"},"modified":"2020-09-28T18:44:25","modified_gmt":"2020-09-28T18:44:25","slug":"hacen-llamado-a-no-botar-basura-en-sitios-eriazos-de-ovalle","status":"publish","type":"post","link":"https:\/\/www.radiolimari.cl\/?p=3801","title":{"rendered":"Hacen llamado a no botar basura en sitios eriazos de Ovalle"},"content":{"rendered":"<p><a href=\"https:\/\/www.radiolimari.cl\/wp-content\/uploads\/2020\/09\/28.09-Trabajos-de-limpieza-en-el-sector-EL-DORADO.jpeg\"><img fetchpriority=\"high\" decoding=\"async\" class=\"alignnone size-medium wp-image-3802\" src=\"https:\/\/www.radiolimari.cl\/wp-content\/uploads\/2020\/09\/28.09-Trabajos-de-limpieza-en-el-sector-EL-DORADO-300x225.jpeg\" alt=\"28.09 Trabajos de limpieza en el sector EL DORADO\" width=\"300\" height=\"225\" srcset=\"https:\/\/www.radiolimari.cl\/wp-content\/uploads\/2020\/09\/28.09-Trabajos-de-limpieza-en-el-sector-EL-DORADO-300x225.jpeg 300w, https:\/\/www.radiolimari.cl\/wp-content\/uploads\/2020\/09\/28.09-Trabajos-de-limpieza-en-el-sector-EL-DORADO-1024x768.jpeg 1024w, https:\/\/www.radiolimari.cl\/wp-content\/uploads\/2020\/09\/28.09-Trabajos-de-limpieza-en-el-sector-EL-DORADO.jpeg 1280w\" sizes=\"(max-width: 300px) 100vw, 300px\" \/><\/a><\/p>\n<p><strong><em>Los sectores El Dorado y la Costanera del Limar\u00ed o Avenida Circunvalaci\u00f3n son las zonas m\u00e1s afectadas, de acuerdo al catastro del departamento de Aseo y Ornato del municipio de Ovalle. Quienes sean sorprendidos arriesgan multas de hasta 100 UTM.<\/em><\/strong><!--more--><\/p>\n<p>A pesar de la cuarentena, a\u00fan existen personas inescrupulosas que botan basura, escombros y diversos tipos de desechos en zonas eriazas de la comuna. De acuerdo al an\u00e1lisis del departamento de Aseo y Ornato del municipio de Ovalle, los lugares m\u00e1s afectados son el camino El Dorado, en las cercan\u00edas del Hospital Provincial y la Avenida Circunvalaci\u00f3n o Costanera del Limar\u00ed, sectores que frecuentemente est\u00e1n siendo intervenidos con operativos de limpieza, pero, lamentablemente, de manera inmediata vuelven a convertirse en focos de desperdicios.<\/p>\n<p>Es por esta raz\u00f3n, que el alcalde de Ovalle, Claudio Renter\u00eda hizo un llamado a la comunidad a no botar basura en sitios que son de uso p\u00fablico y tambi\u00e9n a denunciar a quienes incurren en este tipo de conductas. \u201cLa idea es que la comunidad nos coopere, en primer t\u00e9rmino no arrojando basura en caminos, ni es \u00e1reas despobladas, porque se convierten en focos de insalubridad que son da\u00f1inos para la poblaci\u00f3n y nuestro entorno. Y tambi\u00e9n queremos pedirle que denuncien si sorprenden a alguien botando desechos y escombros, porque el cuidado de nuestro entorno depende de todos\u201d indic\u00f3 la autoridad comunal.<\/p>\n<p>Al respecto, el encargado del departamento de Aseo y Ornato del municipio de Ovalle,\u00a0Marcelo\u00a0Tabilo\u00a0indic\u00f3 que los problemas de basurales en la ribera del r\u00edo y en el sector El Dorado son recurrentes. \u201cHemos gestionado cierres de los sectores aleda\u00f1os, limpiamos frecuentemente, pero de forma casi inmediata vuelve a llenarse de desechos, residuos org\u00e1nicos, escombros y lo m\u00e1s inaceptable, es que nos encontramos con basura domiciliaria, a pesar que contamos con un servicio permanente de retiro en la comuna\u201d.<\/p>\n<p>&nbsp;<\/p>\n<p>Tabilo agreg\u00f3 que en el caso que sorprendan a alguien cometiendo estas acciones, \u201cles pedimos que nos entreguen los antecedentes y fotograf\u00edas al correo\u00a0<a href=\"mailto:dao@imovalle.cl\">dao@imovalle.cl<\/a>\u00a0y nosotros como municipio\u00a0elaboraremos\u00a0una denuncia, para presentarla en el Ministerio P\u00fablico, en el marco de la ley 20.879, que sanciona este tipo de acciones con multas que pueden llegar a 100 UTM\u201d agreg\u00f3\u00a0Tabilo.<\/p>\n<p>La formaci\u00f3n de vertederos ilegales es uno de los principales problemas que tiene el municipio, ya que debe velar por la limpieza de la ciudad y a pesar de los llamados y las multas que existen al respecto, a\u00fan hay personas que cometen este tipo de il\u00edcitos.<\/p>\n<p>&nbsp;<\/p>\n","protected":false},"excerpt":{"rendered":"<p>Los sectores El Dorado y la Costanera del Limar\u00ed o Avenida Circunvalaci\u00f3n son las zonas m\u00e1s afectadas, de acuerdo al catastro del departamento de Aseo y Ornato del municipio de Ovalle. Quienes sean sorprendidos arriesgan multas de hasta 100 UTM.<\/p>\n","protected":false},"author":2,"featured_media":3802,"comment_status":"open","ping_status":"open","sticky":false,"template":"","format":"standard","meta":{"footnotes":""},"categories":[5],"tags":[],"class_list":["post-3801","post","type-post","status-publish","format-standard","has-post-thumbnail","hentry","category-actualidad-limarina"],"_links":{"self":[{"href":"https:\/\/www.radiolimari.cl\/index.php?rest_route=\/wp\/v2\/posts\/3801","targetHints":{"allow":["GET"]}}],"collection":[{"href":"https:\/\/www.radiolimari.cl\/index.php?rest_route=\/wp\/v2\/posts"}],"about":[{"href":"https:\/\/www.radiolimari.cl\/index.php?rest_route=\/wp\/v2\/types\/post"}],"author":[{"embeddable":true,"href":"https:\/\/www.radiolimari.cl\/index.php?rest_route=\/wp\/v2\/users\/2"}],"replies":[{"embeddable":true,"href":"https:\/\/www.radiolimari.cl\/index.php?rest_route=%2Fwp%2Fv2%2Fcomments&post=3801"}],"version-history":[{"count":1,"href":"https:\/\/www.radiolimari.cl\/index.php?rest_route=\/wp\/v2\/posts\/3801\/revisions"}],"predecessor-version":[{"id":3803,"href":"https:\/\/www.radiolimari.cl\/index.php?rest_route=\/wp\/v2\/posts\/3801\/revisions\/3803"}],"wp:featuredmedia":[{"embeddable":true,"href":"https:\/\/www.radiolimari.cl\/index.php?rest_route=\/wp\/v2\/media\/3802"}],"wp:attachment":[{"href":"https:\/\/www.radiolimari.cl\/index.php?rest_route=%2Fwp%2Fv2%2Fmedia&parent=3801"}],"wp:term":[{"taxonomy":"category","embeddable":true,"href":"https:\/\/www.radiolimari.cl\/index.php?rest_route=%2Fwp%2Fv2%2Fcategories&post=3801"},{"taxonomy":"post_tag","embeddable":true,"href":"https:\/\/www.radiolimari.cl\/index.php?rest_route=%2Fwp%2Fv2%2Ftags&post=3801"}],"curies":[{"name":"wp","href":"https:\/\/api.w.org\/{rel}","templated":true}]}}