{"id":3798,"date":"2020-09-28T18:33:34","date_gmt":"2020-09-28T18:33:34","guid":{"rendered":"http:\/\/www.radiolimari.cl\/?p=3798"},"modified":"2020-09-28T18:33:34","modified_gmt":"2020-09-28T18:33:34","slug":"autoridades-regionales-destacan-subsidio-al-empleo-anunciado-por-el-gobierno","status":"publish","type":"post","link":"https:\/\/www.radiolimari.cl\/?p=3798","title":{"rendered":"Autoridades regionales destacan subsidio al Empleo anunciado por el Gobierno"},"content":{"rendered":"<p><a href=\"https:\/\/www.radiolimari.cl\/wp-content\/uploads\/2020\/09\/28.09-trabajo.jpeg\"><img fetchpriority=\"high\" decoding=\"async\" class=\"alignnone size-medium wp-image-3799\" src=\"https:\/\/www.radiolimari.cl\/wp-content\/uploads\/2020\/09\/28.09-trabajo-300x168.jpeg\" alt=\"28.09 trabajo\" width=\"300\" height=\"168\" srcset=\"https:\/\/www.radiolimari.cl\/wp-content\/uploads\/2020\/09\/28.09-trabajo-300x168.jpeg 300w, https:\/\/www.radiolimari.cl\/wp-content\/uploads\/2020\/09\/28.09-trabajo-1024x576.jpeg 1024w, https:\/\/www.radiolimari.cl\/wp-content\/uploads\/2020\/09\/28.09-trabajo.jpeg 1280w\" sizes=\"(max-width: 300px) 100vw, 300px\" \/><\/a><\/p>\n<p><strong><em>El subsidio cuenta con dos l\u00edneas de acci\u00f3n: Regresa, para reincorporar a trabajadores suspendidos bajo la Ley de Protecci\u00f3n al Empleo; y Contrata, para incorporar a nuevos trabajadores y trabajadoras en empresas de diversos tama\u00f1os.<\/em><\/strong><\/p>\n<p><!--more--><\/p>\n<p>Como una muy buena noticia catalogaron las autoridades, en la regi\u00f3n de Coquimbo, el anuncio realizado por el presidente Sebasti\u00e1n Pi\u00f1era respecto a los subsidios al empleo, el que ser\u00e1 ejecutado por el Servicio Nacional de Capacitaci\u00f3n y Empleo, SENCE, y que forma parte del Plan de reactivaci\u00f3n Econ\u00f3mica \u201cPaso a Paso, Chile se Recupera\u201d.<\/p>\n<p>La iniciativa impulsada por el gobierno posee dos l\u00edneas de acci\u00f3n y que est\u00e1n a disposici\u00f3n de las empresas con el objetivo de propiciar nuevas contrataciones y reincorporar a trabajadores suspendidos bajo la Ley de Protecci\u00f3n al Empleo.<\/p>\n<p>El Intendente (s) Gonzalo Chac\u00f3n, manifest\u00f3 que \u201ces una muy buena noticia, no s\u00f3lo para los trabajadores, sino tambi\u00e9n para las medianas y peque\u00f1as empresas, que a trav\u00e9s de un tremendo esfuerzo que est\u00e1 haciendo el gobierno del presidente Sebasti\u00e1n Pi\u00f1era vamos a poder a ayudar a que los trabajadores puedan reincorporase luego de la suspensi\u00f3n de contratos y por otra parte crear nuevos puestos de trabajo\u201d.<\/p>\n<p>Mientras que el Seremi del Trabajo, Mat\u00edas Villalobos explic\u00f3 que \u201choy lo que queremos es que los m\u00e1s de 15 mil trabajadores y trabajadoras que est\u00e1n bajo la ley de protecci\u00f3n del empleo en la regi\u00f3n de Coquimbo puedan retornar a sus lugares de trabajo y que sus empleadores, mayoritariamente micro, peque\u00f1as y medianas empresas, puedan acceder a este beneficio que les permite extender la relaci\u00f3n laboral protegiendo los ingresos de los trabajadores y sus familias. Por otro lado, este subsidio, busca impulsar nuevas contrataciones, para que los m\u00e1s de 93 mil puestos de trabajo que se han perdido en nuestra regi\u00f3n puedan ir recuper\u00e1ndose y que esos trabajadores puedan reincorporarse al mercado laboral\u201d.<\/p>\n<p>Las l\u00edneas de acci\u00f3n del subsidio de denomina por una parte \u201cREGRESA\u201d, enfocado en impulsar la mantenci\u00f3n de contratos de trabajadores suspendidos bajo la Ley de Protecci\u00f3n del Empleo (LPE), y que consiste en la entrega a las empresas de un aporte equivalente a $160.000, por hasta 6 meses, por cada trabajador que retorne a su puesto de trabajo tras haber estado con su contrato suspendido por la LPE, y cuya remuneraci\u00f3n sea hasta 3 IMM ($961.500).\u00a0 Mientras que el subsidio \u201cCONTRATA\u201d, cuyo objetivo es potenciar las nuevas contrataciones de trabajadores. En este caso, el Estado entrega a las empresas el equivalente al 50% de la remuneraci\u00f3n bruta mensual, con tope de hasta $250 mil, por cada nuevo trabajador (a) adicional contratado, respecto de su n\u00f3mina de trabajadores informada a julio de 2020. Para los j\u00f3venes entre 18 y 24, mujeres y personas en situaci\u00f3n de discapacidad, el subsidio ser\u00e1 un 60% de la remuneraci\u00f3n bruta mensual y tendr\u00e1 un tope mayor, de $270 mil pesos.<\/p>\n<p>Carlos Covarrubias, director regional de SENCE, explic\u00f3 que \u201clo principal hoy es que las empresas puedan ingresar a l sitio web www.sence.cl, donde podr\u00e1n postular por dos v\u00edas. Desde este lunes comienza el proceso de postulaci\u00f3n en la modalidad Regresa y a partir del 29 de septiembre se podr\u00e1 acceder al beneficio de Contrata. Entonces ingresando al sitio web con su Rut y clave tributaria encontrar\u00e1n toda la informaci\u00f3n y podr\u00e1n hacer la postulaci\u00f3n de las personas, lo importante es que no se requiere de ning\u00fan tr\u00e1mite presencial puesto que toda la informaci\u00f3n es verificada en l\u00ednea\u201d.<\/p>\n<p>Mientras que la Asesora Regional de Hacienda, Karen Leitche, expres\u00f3 que \u201ceste apoyo para las empresas es para incentivar el regreso de trabajadores suspendidos y fomentar la contrataci\u00f3n de nuevos trabajadores con un enfoque particular en las mujeres, j\u00f3venes y discapacitados. Sin duda este periodo ha sido m\u00e1s largo de los que se esperaba y muy duro para todas las empresas porque no han podido generar ingresos, sobre todo para las micropymes, por lo tanto, este apoyo es fundamental para que puedan retomar sus actividades en la medida de que la situaci\u00f3n sanitaria as\u00ed lo permita\u201d.<\/p>\n<p>El Subsidio al Empleo, L\u00ednea Regresa entra en vigencia el 28 de septiembre de 2020, y L\u00ednea Contrata, el 29 de septiembre, a trav\u00e9s del sitio\u00a0 www.subsidioalempleo.cl. Las postulaciones estar\u00e1n abiertas hasta el 31 de marzo de 2021.<\/p>\n","protected":false},"excerpt":{"rendered":"<p>El subsidio cuenta con dos l\u00edneas de acci\u00f3n: Regresa, para reincorporar a trabajadores suspendidos bajo la Ley de Protecci\u00f3n al Empleo; y Contrata, para incorporar a nuevos trabajadores y trabajadoras en empresas de diversos tama\u00f1os.<\/p>\n","protected":false},"author":2,"featured_media":3799,"comment_status":"open","ping_status":"open","sticky":false,"template":"","format":"standard","meta":{"footnotes":""},"categories":[6],"tags":[],"class_list":["post-3798","post","type-post","status-publish","format-standard","has-post-thumbnail","hentry","category-regionales"],"_links":{"self":[{"href":"https:\/\/www.radiolimari.cl\/index.php?rest_route=\/wp\/v2\/posts\/3798","targetHints":{"allow":["GET"]}}],"collection":[{"href":"https:\/\/www.radiolimari.cl\/index.php?rest_route=\/wp\/v2\/posts"}],"about":[{"href":"https:\/\/www.radiolimari.cl\/index.php?rest_route=\/wp\/v2\/types\/post"}],"author":[{"embeddable":true,"href":"https:\/\/www.radiolimari.cl\/index.php?rest_route=\/wp\/v2\/users\/2"}],"replies":[{"embeddable":true,"href":"https:\/\/www.radiolimari.cl\/index.php?rest_route=%2Fwp%2Fv2%2Fcomments&post=3798"}],"version-history":[{"count":1,"href":"https:\/\/www.radiolimari.cl\/index.php?rest_route=\/wp\/v2\/posts\/3798\/revisions"}],"predecessor-version":[{"id":3800,"href":"https:\/\/www.radiolimari.cl\/index.php?rest_route=\/wp\/v2\/posts\/3798\/revisions\/3800"}],"wp:featuredmedia":[{"embeddable":true,"href":"https:\/\/www.radiolimari.cl\/index.php?rest_route=\/wp\/v2\/media\/3799"}],"wp:attachment":[{"href":"https:\/\/www.radiolimari.cl\/index.php?rest_route=%2Fwp%2Fv2%2Fmedia&parent=3798"}],"wp:term":[{"taxonomy":"category","embeddable":true,"href":"https:\/\/www.radiolimari.cl\/index.php?rest_route=%2Fwp%2Fv2%2Fcategories&post=3798"},{"taxonomy":"post_tag","embeddable":true,"href":"https:\/\/www.radiolimari.cl\/index.php?rest_route=%2Fwp%2Fv2%2Ftags&post=3798"}],"curies":[{"name":"wp","href":"https:\/\/api.w.org\/{rel}","templated":true}]}}