{"id":3787,"date":"2020-09-25T19:23:35","date_gmt":"2020-09-25T19:23:35","guid":{"rendered":"http:\/\/www.radiolimari.cl\/?p=3787"},"modified":"2020-09-25T19:23:35","modified_gmt":"2020-09-25T19:23:35","slug":"ovalle-contara-con-cruces-tokio-para-impulsar-el-distanciamiento-social","status":"publish","type":"post","link":"https:\/\/www.radiolimari.cl\/?p=3787","title":{"rendered":"Ovalle contar\u00e1 con \u201cCruces Tokio\u201d para impulsar el distanciamiento social"},"content":{"rendered":"<p><a href=\"https:\/\/www.radiolimari.cl\/wp-content\/uploads\/2020\/09\/25.09-ovalle-Cruces-Tokio-3.jpg\"><img fetchpriority=\"high\" decoding=\"async\" class=\"alignnone size-medium wp-image-3788\" src=\"https:\/\/www.radiolimari.cl\/wp-content\/uploads\/2020\/09\/25.09-ovalle-Cruces-Tokio-3-300x225.jpg\" alt=\"25.09 ovalle Cruces Tokio 3\" width=\"300\" height=\"225\" srcset=\"https:\/\/www.radiolimari.cl\/wp-content\/uploads\/2020\/09\/25.09-ovalle-Cruces-Tokio-3-300x225.jpg 300w, https:\/\/www.radiolimari.cl\/wp-content\/uploads\/2020\/09\/25.09-ovalle-Cruces-Tokio-3-1024x768.jpg 1024w, https:\/\/www.radiolimari.cl\/wp-content\/uploads\/2020\/09\/25.09-ovalle-Cruces-Tokio-3.jpg 1280w\" sizes=\"(max-width: 300px) 100vw, 300px\" \/><\/a><\/p>\n<p><strong><em>Se trata de un proyecto, impulsado por el ministerio de Transportes y Telecomunicaciones, que permitir\u00e1 que cinco puntos de la zona urbana de la comuna cuenten con este tipo de demarcaci\u00f3n, que permitir\u00e1 darle mayor fluidez al tr\u00e1nsito peatonal y evitar\u00e1 las aglomeraciones en las esquinas<\/em><\/strong><!--more--><\/p>\n<p>Cinco puntos viales de Ovalle ser\u00e1n intervenidos con los denominados \u201cCruces Tokio\u201d, con la finalidad de darle mayor fluidez al tr\u00e1nsito peatonal y evitar las aglomeraciones de personas en las esquinas de la zona c\u00e9ntrica de la capital limarina. Se trata de un proyecto impulsado por el ministerio de Transportes y Telecomunicaciones y que en Ovalle significar\u00e1 una inversi\u00f3n de $19.912.890<\/p>\n<p>&nbsp;<\/p>\n<p>Cabe mencionar, que los \u201cCruces Tokio\u201d permiten a los peatones caminar en diagonal entre dos esquinas, evitando hacer dos cruces de calle para llegar al mismo punto. Para esto, la UOCT Coquimbo, programar\u00e1 fases peatonales exclusivas, donde se sincronizar\u00e1n los sem\u00e1foros para dar rojo a veh\u00edculos y entregar preferencia de verde, en las cuatro esquinas a las personas para que \u00e9stas puedan cruzar en distintas direcciones.<\/p>\n<p>&nbsp;<\/p>\n<p>Las intersecciones intervenidas ser\u00e1n Arizt\u00eda Oriente con Benavente, Arizt\u00eda Poniente con Vicu\u00f1a Mackenna, Arizt\u00eda Poniente con Libertad, Victoria con Vicu\u00f1a Mackenna, y finalmente Victoria con Independencia. La iniciativa se enmarca en el Plan Nacional de Movilidad y adem\u00e1s incluye el mejoramiento y demarcaci\u00f3n de aceras para la circulaci\u00f3n peatonal; mejoramiento y demarcaci\u00f3n en paradas del transporte p\u00fablico.<\/p>\n<p>&nbsp;<\/p>\n<p>Al respecto, el seremi de Transportes y Telecomunicaciones, Juan Fuentes indic\u00f3 que se efectu\u00f3 \u201cuna planificaci\u00f3n para establecer ciertas medidas de movilidad, con el fin de aprovechar mejor el espacio p\u00fablico, sobretodo las veredas dando facilidades de desplazamiento a las personas y en los cruces semaforizados asegurar que todos los movimientos peatonales se puedan efectuar de una sola vez y la gente no se aglomere en las esquinas, para poder cruzar\u201d. En tanto, el alcalde de Ovalle, Claudio Renter\u00eda sostuvo que es una iniciativa innovadora y que \u201cimplementaremos junto al ministerio de Transportes y Telecomunicaciones, como una forma de resguardar el cuidado y la salud de nuestra comunidad. Esta iniciativa contar\u00e1 con espacios definidos y bien demarcados con el distanciamiento social \u00f3ptimo y a la vez evitar\u00e1 aglomeraciones, que es uno de los principales foco de contagio del Covid-19\u201d.<\/p>\n<p>&nbsp;<\/p>\n<p>&nbsp;<\/p>\n<p>&nbsp;<\/p>\n<p>&nbsp;<\/p>\n<p>Nuevos proyectos viales<\/p>\n<p>&nbsp;<\/p>\n<p>A los \u201cCruces Tokio\u201d se suma la demarcaci\u00f3n de las aceras en la extensi\u00f3n de Vicu\u00f1a Mackenna y calle Benavente, entre las calles Santiago y Maestranza. La medida, que cuenta con una inversi\u00f3n de $19.932.953 busca promover el distanciamiento f\u00edsico entre los peatones, estableciendo, mediante demarcaciones, el espacio recomendado entre las personas.<\/p>\n<p>&nbsp;<\/p>\n<p>Asimismo, se realizar\u00e1 el mejoramiento de 13 paradas del transporte p\u00fablico, ubicadas en la zona c\u00e9ntrica de Ovalle. Esta acci\u00f3n, que alcanza una inversi\u00f3n de $5.381.775 pretende establecer mediante la demarcaci\u00f3n, la distancia f\u00edsica que debe haber entre las personas que esperan transporte p\u00fablico en las paradas o paraderos locales.<\/p>\n<p>&nbsp;<\/p>\n<p>Para el caso de las comunas que carec\u00edan de financiamiento, el Ministerio de Transportes y Telecomunicaciones gestion\u00f3 una alianza con Subdere para destinar 2.500 millones de pesos a 62 Municipios de todas las regiones del pa\u00eds. En el caso de Ovalle, los proyectos, en total, poseen una inversi\u00f3n de m\u00e1s de $45 millones.<\/p>\n<p>&nbsp;<\/p>\n<p>&nbsp;<\/p>\n<p>&nbsp;<\/p>\n","protected":false},"excerpt":{"rendered":"<p>Se trata de un proyecto, impulsado por el ministerio de Transportes y Telecomunicaciones, que permitir\u00e1 que cinco puntos de la zona urbana de la comuna cuenten con este tipo de demarcaci\u00f3n, que permitir\u00e1 darle mayor fluidez al tr\u00e1nsito peatonal y evitar\u00e1 las aglomeraciones en las esquinas<\/p>\n","protected":false},"author":2,"featured_media":3788,"comment_status":"open","ping_status":"open","sticky":false,"template":"","format":"standard","meta":{"footnotes":""},"categories":[5],"tags":[],"class_list":["post-3787","post","type-post","status-publish","format-standard","has-post-thumbnail","hentry","category-actualidad-limarina"],"_links":{"self":[{"href":"https:\/\/www.radiolimari.cl\/index.php?rest_route=\/wp\/v2\/posts\/3787","targetHints":{"allow":["GET"]}}],"collection":[{"href":"https:\/\/www.radiolimari.cl\/index.php?rest_route=\/wp\/v2\/posts"}],"about":[{"href":"https:\/\/www.radiolimari.cl\/index.php?rest_route=\/wp\/v2\/types\/post"}],"author":[{"embeddable":true,"href":"https:\/\/www.radiolimari.cl\/index.php?rest_route=\/wp\/v2\/users\/2"}],"replies":[{"embeddable":true,"href":"https:\/\/www.radiolimari.cl\/index.php?rest_route=%2Fwp%2Fv2%2Fcomments&post=3787"}],"version-history":[{"count":1,"href":"https:\/\/www.radiolimari.cl\/index.php?rest_route=\/wp\/v2\/posts\/3787\/revisions"}],"predecessor-version":[{"id":3789,"href":"https:\/\/www.radiolimari.cl\/index.php?rest_route=\/wp\/v2\/posts\/3787\/revisions\/3789"}],"wp:featuredmedia":[{"embeddable":true,"href":"https:\/\/www.radiolimari.cl\/index.php?rest_route=\/wp\/v2\/media\/3788"}],"wp:attachment":[{"href":"https:\/\/www.radiolimari.cl\/index.php?rest_route=%2Fwp%2Fv2%2Fmedia&parent=3787"}],"wp:term":[{"taxonomy":"category","embeddable":true,"href":"https:\/\/www.radiolimari.cl\/index.php?rest_route=%2Fwp%2Fv2%2Fcategories&post=3787"},{"taxonomy":"post_tag","embeddable":true,"href":"https:\/\/www.radiolimari.cl\/index.php?rest_route=%2Fwp%2Fv2%2Ftags&post=3787"}],"curies":[{"name":"wp","href":"https:\/\/api.w.org\/{rel}","templated":true}]}}