{"id":3777,"date":"2020-09-24T19:26:45","date_gmt":"2020-09-24T19:26:45","guid":{"rendered":"http:\/\/www.radiolimari.cl\/?p=3777"},"modified":"2020-09-24T19:26:45","modified_gmt":"2020-09-24T19:26:45","slug":"municipio-de-ovalle-realiza-constante-apoyo-a-los-adultos-mayores-durante-la-pandemia","status":"publish","type":"post","link":"https:\/\/www.radiolimari.cl\/?p=3777","title":{"rendered":"Municipio de Ovalle realiza constante apoyo a los adultos mayores durante la pandemia"},"content":{"rendered":"<p><a href=\"https:\/\/www.radiolimari.cl\/wp-content\/uploads\/2020\/09\/24.09-Apoyo-a-adultos-mayores-de-Ovalle-2.jpg\"><img fetchpriority=\"high\" decoding=\"async\" class=\"alignnone size-medium wp-image-3778\" src=\"https:\/\/www.radiolimari.cl\/wp-content\/uploads\/2020\/09\/24.09-Apoyo-a-adultos-mayores-de-Ovalle-2-300x225.jpg\" alt=\"24.09 Apoyo a adultos mayores de Ovalle 2\" width=\"300\" height=\"225\" srcset=\"https:\/\/www.radiolimari.cl\/wp-content\/uploads\/2020\/09\/24.09-Apoyo-a-adultos-mayores-de-Ovalle-2-300x225.jpg 300w, https:\/\/www.radiolimari.cl\/wp-content\/uploads\/2020\/09\/24.09-Apoyo-a-adultos-mayores-de-Ovalle-2.jpg 1024w\" sizes=\"(max-width: 300px) 100vw, 300px\" \/><\/a><\/p>\n<p><strong><em>Esto, con la finalidad de que se sientan acompa\u00f1ados y puedan seguir realizando sus actividades en pleno confinamiento, desde sus hogares.<\/em><\/strong><!--more--><\/p>\n<p>Son el grupo etario de mayor riesgo ante esta pandemia. Los adultos mayores, desde que se inici\u00f3 la emergencia sanitaria en el pa\u00eds han tenido que mantenerse en sus hogares, para evitar contagiarse por Covid-19. Es por esta raz\u00f3n, que el municipio de Ovalle, a trav\u00e9s de la Oficina Comunal del Adulto Mayor ha efectuado un trabajo sostenido, con la finalidad de mantener a los adultos mayores acompa\u00f1ados y activos en tiempos de confinamiento.<\/p>\n<p>Durante la pandemia \u201cse les ha hecho un acompa\u00f1amiento constante, adem\u00e1s se les hizo entrega de mascarillas a todos los adultos mayores que se encuentran organizados y a esta gesti\u00f3n se sumaron las cajas familiares del programa Alimentos para Chile. Asimismo, se han realizado ayudas sociales complementarias, derivaci\u00f3n a los departamentos de Salud y departamento Social, y el apoyo a los dirigentes de los clubes, con respecto a la postulaci\u00f3n a proyectos de fondos gubernamentales y la rendici\u00f3n de los mismos\u201d afirm\u00f3 el alcalde de Ovalle, Claudio Renter\u00eda.<\/p>\n<p>Actualmente, a los clubes de adultos mayores se les est\u00e1 entregando informaci\u00f3n sobre \u201cla ampliaci\u00f3n de las personalidades jur\u00eddicas que vencieron este a\u00f1o y de la modificaci\u00f3n de la ley de juntas de vecinos. Adem\u00e1s, se est\u00e1 haciendo un acompa\u00f1amiento virtual, mediante el equipo del programa Adulto Mayor Autovalente, con monitores de baile entretenido, ya que a trav\u00e9s de este sistema se suben rutinas de ejercicios y de baile\u201d recalc\u00f3 el encargado de la Oficina Comunal del Adulto Mayor, Wilson Hechersdorf.<\/p>\n<p>Durante esta semana, el personal municipal ha centrado sus labores en entregar material informativo sobre la campa\u00f1a \u201cVamos Chilenos\u201d que lider\u00f3 Mario Kreutzberger, el pasado 18 y 19 de septiembre. Esta iniciativa recaud\u00f3 m\u00e1s de 16 mil millones de pesos, los cuales servir\u00e1n para apoyar a las municipalidades de todo Chile y entregar un dispositivo m\u00f3vil, que les permitir\u00e1 a los adultos mayores mantener contacto con los municipios, centros de salud familiar, m\u00e9dicos especialistas y con miembros de su familia. Junto con esto, se les entregar\u00e1 un kit de insumos m\u00e9dicos y alimentos, especialmente, para personas mayores. \u201cEstamos haciendo un trabajo tanto en la zona urbana, como rural apoyado por las organizaciones comunitarias, juntas de vecinos y clubes deportivos, para entregar informaci\u00f3n sobre esta campa\u00f1a solidaria y luego contar con algunos antecedentes, los cuales ser\u00e1n enviados a la Fundaci\u00f3n Conecta Mayor\u201d agreg\u00f3 Hechersdorf.<\/p>\n<p>En la actualidad la poblaci\u00f3n de adultos mayores organizados en la comuna supera los 2 mil, quienes en su mayor\u00eda son personas autovalentes, activas, y que durante la pandemia han mantenido sus actividades en casa, gracias al apoyo constante del municipio local.<\/p>\n","protected":false},"excerpt":{"rendered":"<p>Esto, con la finalidad de que se sientan acompa\u00f1ados y puedan seguir realizando sus actividades en pleno confinamiento, desde sus hogares.<\/p>\n","protected":false},"author":2,"featured_media":3778,"comment_status":"open","ping_status":"open","sticky":false,"template":"","format":"standard","meta":{"footnotes":""},"categories":[5],"tags":[],"class_list":["post-3777","post","type-post","status-publish","format-standard","has-post-thumbnail","hentry","category-actualidad-limarina"],"_links":{"self":[{"href":"https:\/\/www.radiolimari.cl\/index.php?rest_route=\/wp\/v2\/posts\/3777","targetHints":{"allow":["GET"]}}],"collection":[{"href":"https:\/\/www.radiolimari.cl\/index.php?rest_route=\/wp\/v2\/posts"}],"about":[{"href":"https:\/\/www.radiolimari.cl\/index.php?rest_route=\/wp\/v2\/types\/post"}],"author":[{"embeddable":true,"href":"https:\/\/www.radiolimari.cl\/index.php?rest_route=\/wp\/v2\/users\/2"}],"replies":[{"embeddable":true,"href":"https:\/\/www.radiolimari.cl\/index.php?rest_route=%2Fwp%2Fv2%2Fcomments&post=3777"}],"version-history":[{"count":1,"href":"https:\/\/www.radiolimari.cl\/index.php?rest_route=\/wp\/v2\/posts\/3777\/revisions"}],"predecessor-version":[{"id":3779,"href":"https:\/\/www.radiolimari.cl\/index.php?rest_route=\/wp\/v2\/posts\/3777\/revisions\/3779"}],"wp:featuredmedia":[{"embeddable":true,"href":"https:\/\/www.radiolimari.cl\/index.php?rest_route=\/wp\/v2\/media\/3778"}],"wp:attachment":[{"href":"https:\/\/www.radiolimari.cl\/index.php?rest_route=%2Fwp%2Fv2%2Fmedia&parent=3777"}],"wp:term":[{"taxonomy":"category","embeddable":true,"href":"https:\/\/www.radiolimari.cl\/index.php?rest_route=%2Fwp%2Fv2%2Fcategories&post=3777"},{"taxonomy":"post_tag","embeddable":true,"href":"https:\/\/www.radiolimari.cl\/index.php?rest_route=%2Fwp%2Fv2%2Ftags&post=3777"}],"curies":[{"name":"wp","href":"https:\/\/api.w.org\/{rel}","templated":true}]}}