{"id":3775,"date":"2020-09-24T16:52:54","date_gmt":"2020-09-24T16:52:54","guid":{"rendered":"http:\/\/www.radiolimari.cl\/?p=3775"},"modified":"2020-09-24T16:52:54","modified_gmt":"2020-09-24T16:52:54","slug":"coronavirus-jueves-24-de-septiembre-8-personas-fallecidas-y-40-casos-nuevos-de-covid_19-se-informan-hoy-en-la-region-de-coquimbo","status":"publish","type":"post","link":"https:\/\/www.radiolimari.cl\/?p=3775","title":{"rendered":"CoronaVirus, Jueves 24 de septiembre:  8 personas fallecidas y 40 casos nuevos de #Covid_19 se informan hoy en la regi\u00f3n de Coquimbo"},"content":{"rendered":"<p><a href=\"https:\/\/www.radiolimari.cl\/wp-content\/uploads\/2020\/09\/NOTICIAS-EN-LIMARI-ULTIMA-HORA-CORONA-VIRUS-20.07.2020.jpg\"><img decoding=\"async\" class=\"alignnone size-medium wp-image-3616\" src=\"https:\/\/www.radiolimari.cl\/wp-content\/uploads\/2020\/09\/NOTICIAS-EN-LIMARI-ULTIMA-HORA-CORONA-VIRUS-20.07.2020-300x150.jpg\" alt=\"NOTICIAS EN LIMARI ULTIMA HORA CORONA VIRUS 20.07.2020\" width=\"300\" height=\"150\" srcset=\"https:\/\/www.radiolimari.cl\/wp-content\/uploads\/2020\/09\/NOTICIAS-EN-LIMARI-ULTIMA-HORA-CORONA-VIRUS-20.07.2020-300x150.jpg 300w, https:\/\/www.radiolimari.cl\/wp-content\/uploads\/2020\/09\/NOTICIAS-EN-LIMARI-ULTIMA-HORA-CORONA-VIRUS-20.07.2020-1024x512.jpg 1024w, https:\/\/www.radiolimari.cl\/wp-content\/uploads\/2020\/09\/NOTICIAS-EN-LIMARI-ULTIMA-HORA-CORONA-VIRUS-20.07.2020.jpg 1148w\" sizes=\"(max-width: 300px) 100vw, 300px\" \/><\/a><\/p>\n<p>A nivel pa\u00eds de informan de 1.731 casos nuevos y R\u00edo Hurtado en la regi\u00f3n de Coquimbo no tiene casos activos<!--more--><\/p>\n<p>BALANCE REGION DE COQUIMBO<\/p>\n<p>Casos Nuevos: 40<\/p>\n<p>Total casos: 11.640<\/p>\n<p>Casos activos: 647<\/p>\n<p>Fallecidos informados hoy: 8<\/p>\n<p>Fallecidos total: 202<\/p>\n<p>&nbsp;<\/p>\n<p>Detalle Casos Nuevos en la regi\u00f3n de Coquimbo:<\/p>\n<p>6 de Ovalle<\/p>\n<p>3 de La Serena<\/p>\n<p>19 de Coquimbo<\/p>\n<p>2 de Andacollo<\/p>\n<p>1 de Vicu\u00f1a<\/p>\n<p>2 de Illapel<\/p>\n<p>5 de Los Vilos<\/p>\n<p>2 de otras regiones<\/p>\n<p>&nbsp;<\/p>\n<p>BALANCE DIARIO <a href=\"https:\/\/twitter.com\/hashtag\/COVID_19?src=hashtag_click\">#COVID_19<\/a> EN CHILE<\/p>\n<p>1.731 casos nuevos<\/p>\n<p>1.282 casos con s\u00edntomas<\/p>\n<p>395 casos asintom\u00e1ticos<\/p>\n<p>54 no notificados<\/p>\n<p>451.634 casos totales<\/p>\n<p>12.289 activos<\/p>\n<p>426.876 recuperados<\/p>\n<p>124 fallecidos inscritos (12.469 en total)<\/p>\n<p>&nbsp;<\/p>\n","protected":false},"excerpt":{"rendered":"<p>A nivel pa\u00eds de informan de 1.731 casos nuevos y R\u00edo Hurtado en la regi\u00f3n de Coquimbo no tiene casos activos<\/p>\n","protected":false},"author":2,"featured_media":3616,"comment_status":"open","ping_status":"open","sticky":false,"template":"","format":"standard","meta":{"footnotes":""},"categories":[3],"tags":[],"class_list":["post-3775","post","type-post","status-publish","format-standard","has-post-thumbnail","hentry","category-actualidad"],"_links":{"self":[{"href":"https:\/\/www.radiolimari.cl\/index.php?rest_route=\/wp\/v2\/posts\/3775","targetHints":{"allow":["GET"]}}],"collection":[{"href":"https:\/\/www.radiolimari.cl\/index.php?rest_route=\/wp\/v2\/posts"}],"about":[{"href":"https:\/\/www.radiolimari.cl\/index.php?rest_route=\/wp\/v2\/types\/post"}],"author":[{"embeddable":true,"href":"https:\/\/www.radiolimari.cl\/index.php?rest_route=\/wp\/v2\/users\/2"}],"replies":[{"embeddable":true,"href":"https:\/\/www.radiolimari.cl\/index.php?rest_route=%2Fwp%2Fv2%2Fcomments&post=3775"}],"version-history":[{"count":1,"href":"https:\/\/www.radiolimari.cl\/index.php?rest_route=\/wp\/v2\/posts\/3775\/revisions"}],"predecessor-version":[{"id":3776,"href":"https:\/\/www.radiolimari.cl\/index.php?rest_route=\/wp\/v2\/posts\/3775\/revisions\/3776"}],"wp:featuredmedia":[{"embeddable":true,"href":"https:\/\/www.radiolimari.cl\/index.php?rest_route=\/wp\/v2\/media\/3616"}],"wp:attachment":[{"href":"https:\/\/www.radiolimari.cl\/index.php?rest_route=%2Fwp%2Fv2%2Fmedia&parent=3775"}],"wp:term":[{"taxonomy":"category","embeddable":true,"href":"https:\/\/www.radiolimari.cl\/index.php?rest_route=%2Fwp%2Fv2%2Fcategories&post=3775"},{"taxonomy":"post_tag","embeddable":true,"href":"https:\/\/www.radiolimari.cl\/index.php?rest_route=%2Fwp%2Fv2%2Ftags&post=3775"}],"curies":[{"name":"wp","href":"https:\/\/api.w.org\/{rel}","templated":true}]}}