{"id":3771,"date":"2020-09-23T19:07:15","date_gmt":"2020-09-23T19:07:15","guid":{"rendered":"http:\/\/www.radiolimari.cl\/?p=3771"},"modified":"2020-09-23T19:07:15","modified_gmt":"2020-09-23T19:07:15","slug":"autoridades-invitan-a-escoger-la-fruta-y-verdura-preferida-de-chile","status":"publish","type":"post","link":"https:\/\/www.radiolimari.cl\/?p=3771","title":{"rendered":"Autoridades invitan a escoger la fruta y verdura preferida de Chile"},"content":{"rendered":"<p><a href=\"https:\/\/www.radiolimari.cl\/wp-content\/uploads\/2020\/09\/23.09-agricultura.jpg\"><img fetchpriority=\"high\" decoding=\"async\" class=\"alignnone size-medium wp-image-3773\" src=\"https:\/\/www.radiolimari.cl\/wp-content\/uploads\/2020\/09\/23.09-agricultura-300x225.jpg\" alt=\"23.09 agricultura\" width=\"300\" height=\"225\" srcset=\"https:\/\/www.radiolimari.cl\/wp-content\/uploads\/2020\/09\/23.09-agricultura-300x225.jpg 300w, https:\/\/www.radiolimari.cl\/wp-content\/uploads\/2020\/09\/23.09-agricultura.jpg 960w\" sizes=\"(max-width: 300px) 100vw, 300px\" \/><\/a><\/p>\n<p><em>Para participar<\/em><em> se debe ingresar al sitio web\u00a0<\/em><strong><em><a href=\"https:\/\/frutasyverduras.minagri.gob.cl\/\">https:\/\/frutasyverduras.minagri.gob.cl\/<\/a><\/em><\/strong><em>\u00a0y seleccionar la fruta y verdura favorita. Los resultados se dar\u00e1n a conocer el pr\u00f3ximo 8 de octubre.\u00a0\u00a0<\/em><!--more--><\/p>\n<p>Con motivo de celebrar la cuarta versi\u00f3n del D\u00eda Nacional de las Frutas y las Verduras\u00a0que se conmemora este 8 de octubre, el Ministerio de Agricultura en conjunto con Elige Vivir Sano, la Corporaci\u00f3n 5 Al D\u00eda y FAO lanzan concurso para escoger la fruta y verdura favorita en Chile.<\/p>\n<p>&nbsp;<\/p>\n<p>Esta iniciativa fue lanzada en la regi\u00f3n, en el Terminal Agropecuario La Palmera de La Serena, con el objetivo de\u00a0concientizar sobre los beneficios del consumo de frutas y verduras para la salud de las personas. En el lanzamiento particip\u00f3 el Seremi de Agricultura, Rodrigo \u00d3rdenes, el Seremi de Desarrollo Social y Familia, Marcelo Telias y los mismos locatarios del lugar.<\/p>\n<p>&nbsp;<\/p>\n<p>El D\u00eda Nacional de la Frutas y Verduras 2020, impulsado desde el a\u00f1o 2017, ser\u00e1 la gran antesala del 2021, A\u00f1o Mundial de las Frutas y Verduras, declarado por la ONU, cuyo fin es promover dietas saludables mediante un mayor consumo de este tipo de alimentos y fomentar las iniciativas internacionales encaminadas a aumentar la producci\u00f3n de frutas y verduras de forma sostenible, adem\u00e1s de reducir las p\u00e9rdidas y el desperdicio en las cadenas de suministro de estos alimentos, desde la producci\u00f3n al consumo.<\/p>\n<p>&nbsp;<\/p>\n<p>\u201cComo ministerio estamos promocionando, incentivando y concientizando a la comunidad a consumir estos productos que son muy nutritivos para la salud y mejoran la calidad de vida de las personas. El pr\u00f3ximo 8 de octubre celebramos el D\u00eda Nacional de las Frutas y Verduras, por lo que desde ya invitamos a la poblaci\u00f3n a ingresar al sitio frutasyverduras.minagri.gob.cl para que puedan votar por la fruta y verdura preferida de Chile, adem\u00e1s de aprender sobre la importancia de consumir estos alimentos\u201d, se\u00f1al\u00f3 el Seremi de Agricultura, Rodrigo \u00d3rdenes.<\/p>\n<p>Las frutas y verduras son importantes para la salud y la nutrici\u00f3n humana. Los beneficios del consumo diario de estos alimentos han sido ampliamente estudiados y documentados. En ese sentido promover el consumo de frutas y verduras, como parte de h\u00e1bitos de vida saludables apunta hacia una mejor calidad de vida de la poblaci\u00f3n, as\u00ed lo destac\u00f3 el Seremi de Desarrollo Social y Familia, Marcelo Telias, \u201ca trav\u00e9s de nuestro sistema Elige Vivir Sano tenemos que fomentar hoy en d\u00eda el consumo de frutas y verduras, hemos ido modificando nuestra estructura a ra\u00edz de esta pandemia, pero no por eso debemos dejar de alimentarnos sanamente, es por eso que debemos fomentar el consumo de frutas y verduras, invitamos a la gente a que si va a aumentar las cantidades de alimentaci\u00f3n, que sea a trav\u00e9s de estos productos\u201d.<\/p>\n<p>&nbsp;<\/p>\n<p>Por su parte Danitza Carvajal, quien forma parte del directorio del Terminal Agropecuario La Palmera, recalc\u00f3 la importancia de sumar el consumo de frutas y verduras como parte de los h\u00e1bitos alimenticios de las familias, \u201ces muy importante hoy en d\u00eda comer sano, algo que quedo claro con esta pandemia, nosotros como Terminal Agropecuario La Palmera los invitamos a consumir vegetales, tenemos productos todo el a\u00f1o, tenemos todas las medidas de seguridad para que la gente venga a comprar y conozca los productos. Nos sumamos a la invitaci\u00f3n del D\u00eda Nacional de las Frutas y Verduras, para que todos voten por su fruta y verdura favorita\u201d, coment\u00f3.<\/p>\n<p><strong>Sitio web frutasyverduras.minagri.gob.cl<\/strong><\/p>\n<p>Para promover el consumo de estos alimentos, se cre\u00f3 el sitio web frutasyverduras.minagri.gob.cl, que contiene informaci\u00f3n \u00fatil sobre el consumo diario de frutas y verduras, que es clave para el seguimiento de una alimentaci\u00f3n sana.<\/p>\n<p>El sitio est\u00e1 orientado a las familias y fundamentalmente a los ni\u00f1os, para que aprendan a que por lo menos hay que consumir 5 frutas y verduras al d\u00eda (3 verduras y 2 frutas).<\/p>\n<p>Una p\u00e1gina interactiva, que cuenta con juegos muy did\u00e1cticos para aprender sobre las bondades nutritivas de las frutas y verduras; c\u00e1psulas con los beneficios del consumo de estos alimentos; recetas saludables; videos educativos y l\u00f3gicamente el banner de la votaci\u00f3n para elegir a la fruta y verdura preferida de los chilenos.<\/p>\n<p>&nbsp;<\/p>\n<p>Para participar en la votaci\u00f3n\u00a0se debe ingresar al sitio\u00a0y seleccionar la fruta y verdura favorita. El listado preseleccionado fue elegido en base a la\u00a0pertinencia territorial, m\u00e1s consumidas y producidas en el pa\u00eds.<\/p>\n<p>&nbsp;<\/p>\n","protected":false},"excerpt":{"rendered":"<p>Para participar se debe ingresar al sitio web\u00a0https:\/\/frutasyverduras.minagri.gob.cl\/\u00a0y seleccionar la fruta y verdura favorita. Los resultados se dar\u00e1n a conocer el pr\u00f3ximo 8 de octubre.\u00a0\u00a0<\/p>\n","protected":false},"author":2,"featured_media":3773,"comment_status":"open","ping_status":"open","sticky":false,"template":"","format":"standard","meta":{"footnotes":""},"categories":[3],"tags":[],"class_list":["post-3771","post","type-post","status-publish","format-standard","has-post-thumbnail","hentry","category-actualidad"],"_links":{"self":[{"href":"https:\/\/www.radiolimari.cl\/index.php?rest_route=\/wp\/v2\/posts\/3771","targetHints":{"allow":["GET"]}}],"collection":[{"href":"https:\/\/www.radiolimari.cl\/index.php?rest_route=\/wp\/v2\/posts"}],"about":[{"href":"https:\/\/www.radiolimari.cl\/index.php?rest_route=\/wp\/v2\/types\/post"}],"author":[{"embeddable":true,"href":"https:\/\/www.radiolimari.cl\/index.php?rest_route=\/wp\/v2\/users\/2"}],"replies":[{"embeddable":true,"href":"https:\/\/www.radiolimari.cl\/index.php?rest_route=%2Fwp%2Fv2%2Fcomments&post=3771"}],"version-history":[{"count":1,"href":"https:\/\/www.radiolimari.cl\/index.php?rest_route=\/wp\/v2\/posts\/3771\/revisions"}],"predecessor-version":[{"id":3774,"href":"https:\/\/www.radiolimari.cl\/index.php?rest_route=\/wp\/v2\/posts\/3771\/revisions\/3774"}],"wp:featuredmedia":[{"embeddable":true,"href":"https:\/\/www.radiolimari.cl\/index.php?rest_route=\/wp\/v2\/media\/3773"}],"wp:attachment":[{"href":"https:\/\/www.radiolimari.cl\/index.php?rest_route=%2Fwp%2Fv2%2Fmedia&parent=3771"}],"wp:term":[{"taxonomy":"category","embeddable":true,"href":"https:\/\/www.radiolimari.cl\/index.php?rest_route=%2Fwp%2Fv2%2Fcategories&post=3771"},{"taxonomy":"post_tag","embeddable":true,"href":"https:\/\/www.radiolimari.cl\/index.php?rest_route=%2Fwp%2Fv2%2Ftags&post=3771"}],"curies":[{"name":"wp","href":"https:\/\/api.w.org\/{rel}","templated":true}]}}