{"id":3768,"date":"2020-09-23T18:51:33","date_gmt":"2020-09-23T18:51:33","guid":{"rendered":"http:\/\/www.radiolimari.cl\/?p=3768"},"modified":"2020-09-23T18:51:33","modified_gmt":"2020-09-23T18:51:33","slug":"aprobado-proyecto-fotovoltaico-en-combarbala-por-12-millones-de-dolares","status":"publish","type":"post","link":"https:\/\/www.radiolimari.cl\/?p=3768","title":{"rendered":"Aprobado Proyecto fotovoltaico en Combarbal\u00e1 por 12 millones de d\u00f3lares"},"content":{"rendered":"<p><a href=\"https:\/\/www.radiolimari.cl\/wp-content\/uploads\/2020\/09\/23.09-planta-solar.jpg\"><img fetchpriority=\"high\" decoding=\"async\" class=\"alignnone size-medium wp-image-3769\" src=\"https:\/\/www.radiolimari.cl\/wp-content\/uploads\/2020\/09\/23.09-planta-solar-300x200.jpg\" alt=\"23.09 planta solar\" width=\"300\" height=\"200\" srcset=\"https:\/\/www.radiolimari.cl\/wp-content\/uploads\/2020\/09\/23.09-planta-solar-300x200.jpg 300w, https:\/\/www.radiolimari.cl\/wp-content\/uploads\/2020\/09\/23.09-planta-solar.jpg 1024w\" sizes=\"(max-width: 300px) 100vw, 300px\" \/><\/a><\/p>\n<p><b style=\"color: #000000;\"><i><span lang=\"ES\" style=\"color: black;\">Planta de energ\u00eda solar en la comuna Limarina aportar\u00e1 con generaci\u00f3n limpia al Sistema El\u00e9ctrico Nacional.\u00a0<\/span><\/i><\/b><!--more--><\/p>\n<p style=\"font-weight: 400;\">La Regi\u00f3n de Coquimbo sigue sumando futuros proyectos energ\u00e9ticos a su matriz, esto luego de que la Comisi\u00f3n de Evaluaci\u00f3n Ambiental de Coquimbo, presidida por la Intendenta Luc\u00eda Pinto, aprobara la declaraci\u00f3n de una central de energ\u00eda renovable en Combarbal\u00e1,\u00a0 Provincia de Limar\u00ed.<\/p>\n<p style=\"font-weight: 400;\">\u00a0La Comisi\u00f3n dio luz verde al proyecto Parque Fotovoltaico Combarbal\u00e1, de 9 MW de potencia, ubicada a 8 kil\u00f3metros de dicha comuna. Tendr\u00e1 una inversi\u00f3n de 12 millones de d\u00f3lares, una vida \u00fatil de 40 a\u00f1os y la posibilidad de generar 40 puestos de trabajo durante su construcci\u00f3n.<\/p>\n<p style=\"font-weight: 400;\">\u00a0El Seremi de Energ\u00eda, \u00c1lvaro Herrera, manifest\u00f3 su satisfacci\u00f3n por la aprobaci\u00f3n de este parque fotovoltaico. \u201cCelebramos que un nuevo proyecto ligado a energ\u00eda renovable haya obtenido su calificaci\u00f3n ambiental favorable y que de esta manera se puedan seguir extendiendo a lo largo del territorio de la Regi\u00f3n de Coquimbo estas iniciativas que permiten perfectamente convivir por una parte el desarrollo de proyectos industriales con el medio ambiente y la comunidad.\u00a0\u00a0El d\u00eda de ma\u00f1ana estas centrales nos van a permitir contar con una matriz energ\u00e9tica mucho m\u00e1s limpia, renovable y sustentable a lo largo del tiempo para seguir avanzando en la l\u00ednea de la descarbonizaci\u00f3n\u201d.<\/p>\n<p style=\"font-weight: 400;\">\u00a0Adem\u00e1s \u2013 se\u00f1al\u00f3 la autoridad \u2013 \u201cen nuestro Pa\u00eds existe una institucionalidad s\u00f3lida que facilita la instalaci\u00f3n de estas inversiones de gran infraestructura, y potenciales naturales para tales iniciativas, con m\u00e1s de 600 mil hect\u00e1reas disponibles\u201d.<\/p>\n<p style=\"font-weight: 400;\">Desde 2018 a la fecha, los proyectos de energ\u00eda aprobados por la Comisi\u00f3n de Evaluaci\u00f3n Ambiental de la Regi\u00f3n de Coquimbo suman 24 iniciativas, considerando una inversi\u00f3n estimada de 684 millones de d\u00f3lares y 808 MW de capacidad instalada.<\/p>\n<p>&nbsp;<\/p>\n","protected":false},"excerpt":{"rendered":"<p>Planta de energ\u00eda solar en la comuna Limarina aportar\u00e1 con generaci\u00f3n limpia al Sistema El\u00e9ctrico Nacional.\u00a0<\/p>\n","protected":false},"author":2,"featured_media":3769,"comment_status":"open","ping_status":"open","sticky":false,"template":"","format":"standard","meta":{"footnotes":""},"categories":[6],"tags":[],"class_list":["post-3768","post","type-post","status-publish","format-standard","has-post-thumbnail","hentry","category-regionales"],"_links":{"self":[{"href":"https:\/\/www.radiolimari.cl\/index.php?rest_route=\/wp\/v2\/posts\/3768","targetHints":{"allow":["GET"]}}],"collection":[{"href":"https:\/\/www.radiolimari.cl\/index.php?rest_route=\/wp\/v2\/posts"}],"about":[{"href":"https:\/\/www.radiolimari.cl\/index.php?rest_route=\/wp\/v2\/types\/post"}],"author":[{"embeddable":true,"href":"https:\/\/www.radiolimari.cl\/index.php?rest_route=\/wp\/v2\/users\/2"}],"replies":[{"embeddable":true,"href":"https:\/\/www.radiolimari.cl\/index.php?rest_route=%2Fwp%2Fv2%2Fcomments&post=3768"}],"version-history":[{"count":1,"href":"https:\/\/www.radiolimari.cl\/index.php?rest_route=\/wp\/v2\/posts\/3768\/revisions"}],"predecessor-version":[{"id":3770,"href":"https:\/\/www.radiolimari.cl\/index.php?rest_route=\/wp\/v2\/posts\/3768\/revisions\/3770"}],"wp:featuredmedia":[{"embeddable":true,"href":"https:\/\/www.radiolimari.cl\/index.php?rest_route=\/wp\/v2\/media\/3769"}],"wp:attachment":[{"href":"https:\/\/www.radiolimari.cl\/index.php?rest_route=%2Fwp%2Fv2%2Fmedia&parent=3768"}],"wp:term":[{"taxonomy":"category","embeddable":true,"href":"https:\/\/www.radiolimari.cl\/index.php?rest_route=%2Fwp%2Fv2%2Fcategories&post=3768"},{"taxonomy":"post_tag","embeddable":true,"href":"https:\/\/www.radiolimari.cl\/index.php?rest_route=%2Fwp%2Fv2%2Ftags&post=3768"}],"curies":[{"name":"wp","href":"https:\/\/api.w.org\/{rel}","templated":true}]}}