{"id":3765,"date":"2020-09-23T18:43:55","date_gmt":"2020-09-23T18:43:55","guid":{"rendered":"http:\/\/www.radiolimari.cl\/?p=3765"},"modified":"2020-09-23T18:43:55","modified_gmt":"2020-09-23T18:43:55","slug":"25-proyectos-de-pavimentacion-participativa-fueron-aprobados-en-la-comuna-de-ovalle","status":"publish","type":"post","link":"https:\/\/www.radiolimari.cl\/?p=3765","title":{"rendered":"25 proyectos de pavimentaci\u00f3n participativa fueron aprobados en la comuna de Ovalle"},"content":{"rendered":"<p><a href=\"https:\/\/www.radiolimari.cl\/wp-content\/uploads\/2020\/09\/23.09-Pavimentaci\u00f3n-participativa-1.jpg\"><img fetchpriority=\"high\" decoding=\"async\" class=\"alignnone size-medium wp-image-3766\" src=\"https:\/\/www.radiolimari.cl\/wp-content\/uploads\/2020\/09\/23.09-Pavimentaci\u00f3n-participativa-1-300x225.jpg\" alt=\"23.09 Pavimentaci\u00f3n participativa 1\" width=\"300\" height=\"225\" srcset=\"https:\/\/www.radiolimari.cl\/wp-content\/uploads\/2020\/09\/23.09-Pavimentaci\u00f3n-participativa-1-300x225.jpg 300w, https:\/\/www.radiolimari.cl\/wp-content\/uploads\/2020\/09\/23.09-Pavimentaci\u00f3n-participativa-1-1024x768.jpg 1024w, https:\/\/www.radiolimari.cl\/wp-content\/uploads\/2020\/09\/23.09-Pavimentaci\u00f3n-participativa-1.jpg 1280w\" sizes=\"(max-width: 300px) 100vw, 300px\" \/><\/a><\/p>\n<p><strong><em>Alrededor de 2.200 metros lineales de calles y pasajes tanto de la zona rural, como del \u00e1rea urbana, gracias a la postulaci\u00f3n que realiz\u00f3 el municipio de Ovalle y el financiamiento del ministerio de Vivienda y Urbanismo, a trav\u00e9s del Programa de Pavimentaci\u00f3n Participativa. <\/em><\/strong><!--more--><\/p>\n<p>Cerca de 2.200 metros lineales de calles, pasajes y veredas de Ovalle ser\u00e1n construidos durante los pr\u00f3ximos meses en distintos sectores de la comuna, luego que 25 proyectos presentados por el municipio, fueran seleccionados por el Ministerio de Vivienda y Urbanismo, a trav\u00e9s del Programa de Pavimentaci\u00f3n Participativa.<\/p>\n<p>El alcalde de Ovalle, Claudio Renter\u00eda indic\u00f3 que este trabajo es fruto del esfuerzo de los vecinos, el municipio y el ministerio de Vivienda y Urbanismo. Estamos muy contentos de haber conseguido estos 25 proyectos que ser\u00e1n un gran adelanto, para muchas familias de nuestra comuna\u201d.<\/p>\n<p>En la zona urbana fueron seleccionados los proyectos de la poblaci\u00f3n Jos\u00e9 Tom\u00e1s Ovalle, para pavimentar los pasajes Teniente Carlos Hero y Esmeralda; poblaci\u00f3n Romeral, los pasajes Los Cardos y acera Los Jardines. Mientras que en la poblaci\u00f3n Carmelitana, la iniciativa permitir\u00e1 concretar la construcci\u00f3n de la acera de la calle Augusto Winter, y con ello, completar el 100% de la pavimentaci\u00f3n de toda la poblaci\u00f3n. En cuanto a localidades rurales beneficiadas con el programa, se encuentran: El Guindo, con la pavimentaci\u00f3n de 15 pasajes y Cerrillos de Tamaya, con 5 pasajes y calles.<\/p>\n<p>Al respecto, la presidenta del comit\u00e9 de pavimentaci\u00f3n participativa de la villa San Carlos de El Guindo, Doris Brice\u00f1o sostuvo que se trata de una iniciativa muy importante \u201cy estamos orgullosos de haber recibido el financiamiento y poder concretar la pavimentaci\u00f3n, porque lo est\u00e1bamos esperando hace muchos a\u00f1os\u201d. Por su parte, el presidente de la junta de vecinos de la poblaci\u00f3n Carmelitana, Ren\u00e9 Carvajal indic\u00f3 que es un gran avance, porque la poblaci\u00f3n tiene m\u00e1s de 50 a\u00f1os y \u201cahora podremos decir que tendremos el 100% de las calles pavimentadas, as\u00ed es que es una gran alegr\u00eda para todos, porque dejaremos atr\u00e1s los problemas con la tierra y el barro que a veces se produc\u00eda\u201d.<\/p>\n<p>Otro de los sectores beneficiados fue la villa Patricio Zeballos de la parte alta de la ciudad. El presidente de la junta de vecinos, Guillermo Rodr\u00edguez agradeci\u00f3 el apoyo y se\u00f1al\u00f3 que \u201ces un sue\u00f1o que ten\u00edamos, desde hace alrededor de 43 a\u00f1os, porque desde que se inici\u00f3 la poblaci\u00f3n hubo sectores que no quedaron con pavimentaci\u00f3n y obviamente trae alegr\u00eda. Las plusval\u00edas de las casas suben y el sector se ve mejor\u201d.<\/p>\n<p>&nbsp;<\/p>\n<p>&nbsp;<\/p>\n<p>&nbsp;<\/p>\n","protected":false},"excerpt":{"rendered":"<p>Alrededor de 2.200 metros lineales de calles y pasajes tanto de la zona rural, como del \u00e1rea urbana, gracias a la postulaci\u00f3n que realiz\u00f3 el municipio de Ovalle y el financiamiento del ministerio de Vivienda y Urbanismo, a trav\u00e9s del Programa de Pavimentaci\u00f3n Participativa.<\/p>\n","protected":false},"author":2,"featured_media":3766,"comment_status":"open","ping_status":"open","sticky":false,"template":"","format":"standard","meta":{"footnotes":""},"categories":[5],"tags":[],"class_list":["post-3765","post","type-post","status-publish","format-standard","has-post-thumbnail","hentry","category-actualidad-limarina"],"_links":{"self":[{"href":"https:\/\/www.radiolimari.cl\/index.php?rest_route=\/wp\/v2\/posts\/3765","targetHints":{"allow":["GET"]}}],"collection":[{"href":"https:\/\/www.radiolimari.cl\/index.php?rest_route=\/wp\/v2\/posts"}],"about":[{"href":"https:\/\/www.radiolimari.cl\/index.php?rest_route=\/wp\/v2\/types\/post"}],"author":[{"embeddable":true,"href":"https:\/\/www.radiolimari.cl\/index.php?rest_route=\/wp\/v2\/users\/2"}],"replies":[{"embeddable":true,"href":"https:\/\/www.radiolimari.cl\/index.php?rest_route=%2Fwp%2Fv2%2Fcomments&post=3765"}],"version-history":[{"count":1,"href":"https:\/\/www.radiolimari.cl\/index.php?rest_route=\/wp\/v2\/posts\/3765\/revisions"}],"predecessor-version":[{"id":3767,"href":"https:\/\/www.radiolimari.cl\/index.php?rest_route=\/wp\/v2\/posts\/3765\/revisions\/3767"}],"wp:featuredmedia":[{"embeddable":true,"href":"https:\/\/www.radiolimari.cl\/index.php?rest_route=\/wp\/v2\/media\/3766"}],"wp:attachment":[{"href":"https:\/\/www.radiolimari.cl\/index.php?rest_route=%2Fwp%2Fv2%2Fmedia&parent=3765"}],"wp:term":[{"taxonomy":"category","embeddable":true,"href":"https:\/\/www.radiolimari.cl\/index.php?rest_route=%2Fwp%2Fv2%2Fcategories&post=3765"},{"taxonomy":"post_tag","embeddable":true,"href":"https:\/\/www.radiolimari.cl\/index.php?rest_route=%2Fwp%2Fv2%2Ftags&post=3765"}],"curies":[{"name":"wp","href":"https:\/\/api.w.org\/{rel}","templated":true}]}}