{"id":3759,"date":"2020-09-23T16:48:45","date_gmt":"2020-09-23T16:48:45","guid":{"rendered":"http:\/\/www.radiolimari.cl\/?p=3759"},"modified":"2020-09-23T16:50:18","modified_gmt":"2020-09-23T16:50:18","slug":"coronavirus-miercoles-22-de-septiembre-22-casos-nuevos-en-la-region-de-coquimbo-y-1372-casos-nuevos-en-el-pais","status":"publish","type":"post","link":"https:\/\/www.radiolimari.cl\/?p=3759","title":{"rendered":"#CoronaVirus, Mi\u00e9rcoles 23 de septiembre:  22 casos nuevos en la regi\u00f3n de Coquimbo y  1372 casos nuevos  en el pa\u00eds"},"content":{"rendered":"<p><a href=\"https:\/\/www.radiolimari.cl\/wp-content\/uploads\/2020\/09\/NOTICIAS-EN-LIMARI-ULTIMA-HORA-CORONA-VIRUS-20.07.2020.jpg\"><img decoding=\"async\" class=\"alignnone size-medium wp-image-3616\" src=\"https:\/\/www.radiolimari.cl\/wp-content\/uploads\/2020\/09\/NOTICIAS-EN-LIMARI-ULTIMA-HORA-CORONA-VIRUS-20.07.2020-300x150.jpg\" alt=\"NOTICIAS EN LIMARI ULTIMA HORA CORONA VIRUS 20.07.2020\" width=\"300\" height=\"150\" srcset=\"https:\/\/www.radiolimari.cl\/wp-content\/uploads\/2020\/09\/NOTICIAS-EN-LIMARI-ULTIMA-HORA-CORONA-VIRUS-20.07.2020-300x150.jpg 300w, https:\/\/www.radiolimari.cl\/wp-content\/uploads\/2020\/09\/NOTICIAS-EN-LIMARI-ULTIMA-HORA-CORONA-VIRUS-20.07.2020-1024x512.jpg 1024w, https:\/\/www.radiolimari.cl\/wp-content\/uploads\/2020\/09\/NOTICIAS-EN-LIMARI-ULTIMA-HORA-CORONA-VIRUS-20.07.2020.jpg 1148w\" sizes=\"(max-width: 300px) 100vw, 300px\" \/><\/a><\/p>\n<p>Solo 1 caso presenta la provincia del Limar\u00ed<!--more--><\/p>\n<p>Detalle de casos positivos en la Regi\u00f3n de Coquimbo:<\/p>\n<p>4 de La Serena<\/p>\n<p>7 de Coquimbo<\/p>\n<p>3 de Andacollo<\/p>\n<p>2 de Vicu\u00f1a<\/p>\n<p>2 de Canela<\/p>\n<p>2 de Los Vilos 1 de Ovalle<\/p>\n<p>1 caso sin notificaci\u00f3n en el sistema Epivigila<\/p>\n<p>&nbsp;<\/p>\n<p>BALANCE DIARIO <a href=\"https:\/\/twitter.com\/hashtag\/COVID_19?src=hashtag_click\">\u00a0COVID_19<\/a> EN CHILE<\/p>\n<p>1.372 casos nuevos<\/p>\n<p>1.016 casos con s\u00edntomas<\/p>\n<p>325 casos asintom\u00e1ticos<\/p>\n<p>31 no notificados<\/p>\n<p>449.903 casos totales<\/p>\n<p>12.393 activos<\/p>\n<p>425.165 recuperados<\/p>\n<p>24 fallecidos inscritos (12.345 en total)<\/p>\n<p>907 hospitalizados<\/p>\n<p>680 en ventilaci\u00f3n mec\u00e1nica<\/p>\n<p>121 cr\u00edticos<\/p>\n<p>470 ventiladores disponibles<\/p>\n<p>15.573 ex\u00e1menes PCR realizados (3.084.117 en total)<\/p>\n","protected":false},"excerpt":{"rendered":"<p>Solo 1 caso presenta la provincia del Limar\u00ed<\/p>\n","protected":false},"author":2,"featured_media":3616,"comment_status":"open","ping_status":"open","sticky":false,"template":"","format":"standard","meta":{"footnotes":""},"categories":[3],"tags":[],"class_list":["post-3759","post","type-post","status-publish","format-standard","has-post-thumbnail","hentry","category-actualidad"],"_links":{"self":[{"href":"https:\/\/www.radiolimari.cl\/index.php?rest_route=\/wp\/v2\/posts\/3759","targetHints":{"allow":["GET"]}}],"collection":[{"href":"https:\/\/www.radiolimari.cl\/index.php?rest_route=\/wp\/v2\/posts"}],"about":[{"href":"https:\/\/www.radiolimari.cl\/index.php?rest_route=\/wp\/v2\/types\/post"}],"author":[{"embeddable":true,"href":"https:\/\/www.radiolimari.cl\/index.php?rest_route=\/wp\/v2\/users\/2"}],"replies":[{"embeddable":true,"href":"https:\/\/www.radiolimari.cl\/index.php?rest_route=%2Fwp%2Fv2%2Fcomments&post=3759"}],"version-history":[{"count":2,"href":"https:\/\/www.radiolimari.cl\/index.php?rest_route=\/wp\/v2\/posts\/3759\/revisions"}],"predecessor-version":[{"id":3761,"href":"https:\/\/www.radiolimari.cl\/index.php?rest_route=\/wp\/v2\/posts\/3759\/revisions\/3761"}],"wp:featuredmedia":[{"embeddable":true,"href":"https:\/\/www.radiolimari.cl\/index.php?rest_route=\/wp\/v2\/media\/3616"}],"wp:attachment":[{"href":"https:\/\/www.radiolimari.cl\/index.php?rest_route=%2Fwp%2Fv2%2Fmedia&parent=3759"}],"wp:term":[{"taxonomy":"category","embeddable":true,"href":"https:\/\/www.radiolimari.cl\/index.php?rest_route=%2Fwp%2Fv2%2Fcategories&post=3759"},{"taxonomy":"post_tag","embeddable":true,"href":"https:\/\/www.radiolimari.cl\/index.php?rest_route=%2Fwp%2Fv2%2Ftags&post=3759"}],"curies":[{"name":"wp","href":"https:\/\/api.w.org\/{rel}","templated":true}]}}