{"id":3740,"date":"2020-09-21T19:32:53","date_gmt":"2020-09-21T19:32:53","guid":{"rendered":"http:\/\/www.radiolimari.cl\/?p=3740"},"modified":"2020-09-21T19:32:53","modified_gmt":"2020-09-21T19:32:53","slug":"con-cifras-alentadoras-ovalle-cumplio-su-primer-mes-de-cuarentena","status":"publish","type":"post","link":"https:\/\/www.radiolimari.cl\/?p=3740","title":{"rendered":"Con cifras alentadoras Ovalle cumpli\u00f3 su primer mes de cuarentena"},"content":{"rendered":"<p><a href=\"https:\/\/www.radiolimari.cl\/wp-content\/uploads\/2020\/09\/21.09-Primer-mes-de-cuarentena-en-Ovalle.jpg\"><img fetchpriority=\"high\" decoding=\"async\" class=\"alignnone size-medium wp-image-3741\" src=\"https:\/\/www.radiolimari.cl\/wp-content\/uploads\/2020\/09\/21.09-Primer-mes-de-cuarentena-en-Ovalle-300x225.jpg\" alt=\"21.09 Primer mes de cuarentena en Ovalle\" width=\"300\" height=\"225\" srcset=\"https:\/\/www.radiolimari.cl\/wp-content\/uploads\/2020\/09\/21.09-Primer-mes-de-cuarentena-en-Ovalle-300x225.jpg 300w, https:\/\/www.radiolimari.cl\/wp-content\/uploads\/2020\/09\/21.09-Primer-mes-de-cuarentena-en-Ovalle-1024x768.jpg 1024w\" sizes=\"(max-width: 300px) 100vw, 300px\" \/><\/a><\/p>\n<p><strong><em>El alcalde Claudio Renter\u00eda hizo un llamado a seguir con el buen comportamiento y el autocuidado, porque son esenciales para optar al levantamiento de la cuarentena en la comuna<\/em><\/strong><!--more--><\/p>\n<p>Ovalle cumpli\u00f3 el primer mes desde que se decret\u00f3 la cuarentena. Recordemos, que esta medida se inici\u00f3 el pasado viernes 21 de agosto, a las 23 horas, y desde ese momento los ovallinos nos hemos tenido que adecuar a las normas establecidas por la autoridad sanitaria y acostumbrarnos, tanto a los permisos de desplazamiento, como a los controles diarios por parte de personal del Ej\u00e9rcito, de Carabineros y funcionarios de Salud.<\/p>\n<p>Pero c\u00f3mo ha sido el comportamiento de los ovallinos en este primer mes. En general los n\u00fameros han mostrado una mejor\u00eda y una buena acogida de parte de la comunidad con la denominada Fase I del plan Paso a Paso del Gobierno. Esto se ha reflejado en la baja de los casos diarios (6 casos, 21 de septiembre) y por ende de los focos que se mantienen activos en la comuna, que, actualmente, alcanzan los 167 (Distinto a los 337 casos activos, en el periodo m\u00e1s cr\u00edtico de la pandemia).<\/p>\n<p>Durante la \u00faltima semana, la tasa de positividad fue de un 7,4%, lejos del 20% que tuvimos en uno de los momentos m\u00e1s cr\u00edticos de la pandemia. El trabajo del personal de Salud ha sido comprometido y constante con el plan Testear, Trazar y Aislar, lo que ha significado al menos un ex\u00e1men PCR por cada 1.000 habitantes, que es la cifra recomendada por el ministerio de Salud.<\/p>\n<p>Con respecto, a la movilidad \u00a0\u201cal inicio de la cuarentena, se redujo seis veces comparado al periodo justo previo al inicio de esta medida, que fue el momento de mayor complejidad, debido a las aglomeraciones\u201d sostuvo el doctor del departamento de Salud, Diego Pe\u00f1ailillo. Esta cifra hasta el 15 de septiembre se ha reducido en un 14,3% respecto del periodo previo a la pandemia (9 al 15 de marzo como l\u00ednea de base).<\/p>\n<p>En general en el inicio de la cuarentena \u201ccomenzamos bien, en lo que respecta a la movilidad, sin embargo durante las \u00faltimas semanas hemos visto un aumento del tr\u00e1nsito de las personas, debido a las diversas necesidades. Lo ideal ser\u00eda que esta cifra no aumentara, porque esto permite que no existan riesgos de contagios en la comunidad\u201d agreg\u00f3 Pe\u00f1ailillo.<\/p>\n<p>El alcalde de Ovalle, Claudio Renter\u00eda indic\u00f3 que en esta etapa \u201ces fundamental que mantengamos el autocuidado y respetamos a diarios las medidas sanitarias, como el buen uso de la mascarilla, el distanciamiento social adecuado y el lavado de manos frecuente. Adem\u00e1s, de tener un buen comportamiento en el respeto a los permisos de desplazamiento y no salir si no es necesario hacerlo, porque de esa forma contribuiremos a la baja de casos activos y as\u00ed podremos optar al levantamiento de la cuarentena\u201d.<\/p>\n<p>Dentro de los registros lamentables est\u00e1, en que hasta el 18 de septiembre, la cifra de fallecidos en Ovalle alcanz\u00f3 las 39 personas, lo que representa la segunda tasa m\u00e1s alta por 100.000 habitantes en la regi\u00f3n de Coquimbo.<\/p>\n<p>De acuerdo a los an\u00e1lisis que realiza el departamento de Salud Municipal, debemos esperar los resultados de la pr\u00f3xima semana, para ver el panorama real de la comuna, ya que reflejar\u00e1 el comportamiento de la comunidad, durante Fiestas Patrias. S\u00f3lo con estos antecedentes sabremos en que situaci\u00f3n estamos y si podemos optar al pronto levantamiento de la cuarentena.<\/p>\n","protected":false},"excerpt":{"rendered":"<p>El alcalde Claudio Renter\u00eda hizo un llamado a seguir con el buen comportamiento y el autocuidado, porque son esenciales para optar al levantamiento de la cuarentena en la comuna<\/p>\n","protected":false},"author":2,"featured_media":3741,"comment_status":"open","ping_status":"open","sticky":false,"template":"","format":"standard","meta":{"footnotes":""},"categories":[5],"tags":[],"class_list":["post-3740","post","type-post","status-publish","format-standard","has-post-thumbnail","hentry","category-actualidad-limarina"],"_links":{"self":[{"href":"https:\/\/www.radiolimari.cl\/index.php?rest_route=\/wp\/v2\/posts\/3740","targetHints":{"allow":["GET"]}}],"collection":[{"href":"https:\/\/www.radiolimari.cl\/index.php?rest_route=\/wp\/v2\/posts"}],"about":[{"href":"https:\/\/www.radiolimari.cl\/index.php?rest_route=\/wp\/v2\/types\/post"}],"author":[{"embeddable":true,"href":"https:\/\/www.radiolimari.cl\/index.php?rest_route=\/wp\/v2\/users\/2"}],"replies":[{"embeddable":true,"href":"https:\/\/www.radiolimari.cl\/index.php?rest_route=%2Fwp%2Fv2%2Fcomments&post=3740"}],"version-history":[{"count":1,"href":"https:\/\/www.radiolimari.cl\/index.php?rest_route=\/wp\/v2\/posts\/3740\/revisions"}],"predecessor-version":[{"id":3742,"href":"https:\/\/www.radiolimari.cl\/index.php?rest_route=\/wp\/v2\/posts\/3740\/revisions\/3742"}],"wp:featuredmedia":[{"embeddable":true,"href":"https:\/\/www.radiolimari.cl\/index.php?rest_route=\/wp\/v2\/media\/3741"}],"wp:attachment":[{"href":"https:\/\/www.radiolimari.cl\/index.php?rest_route=%2Fwp%2Fv2%2Fmedia&parent=3740"}],"wp:term":[{"taxonomy":"category","embeddable":true,"href":"https:\/\/www.radiolimari.cl\/index.php?rest_route=%2Fwp%2Fv2%2Fcategories&post=3740"},{"taxonomy":"post_tag","embeddable":true,"href":"https:\/\/www.radiolimari.cl\/index.php?rest_route=%2Fwp%2Fv2%2Ftags&post=3740"}],"curies":[{"name":"wp","href":"https:\/\/api.w.org\/{rel}","templated":true}]}}