{"id":3731,"date":"2020-09-16T16:09:03","date_gmt":"2020-09-16T16:09:03","guid":{"rendered":"http:\/\/www.radiolimari.cl\/?p=3731"},"modified":"2020-09-16T16:09:03","modified_gmt":"2020-09-16T16:09:03","slug":"banco-de-chile-se-suma-a-campana-vamos-chilenos-habilita-la-cuenta-corriente-2020-e-invita-a-apoyar-a-las-personas-mayores-afectadas-por-la-pandemia","status":"publish","type":"post","link":"https:\/\/www.radiolimari.cl\/?p=3731","title":{"rendered":"Banco de Chile se suma a campa\u00f1a \u201cVamos Chilenos\u201d, habilita la cuenta corriente 2020 e invita a apoyar a las personas mayores afectadas por la pandemia"},"content":{"rendered":"<p><a href=\"https:\/\/www.radiolimari.cl\/wp-content\/uploads\/2020\/09\/vamos-chilenos.jpg\"><img fetchpriority=\"high\" decoding=\"async\" class=\"alignnone size-medium wp-image-3732\" src=\"https:\/\/www.radiolimari.cl\/wp-content\/uploads\/2020\/09\/vamos-chilenos-300x181.jpg\" alt=\"vamos chilenos\" width=\"300\" height=\"181\" srcset=\"https:\/\/www.radiolimari.cl\/wp-content\/uploads\/2020\/09\/vamos-chilenos-300x181.jpg 300w, https:\/\/www.radiolimari.cl\/wp-content\/uploads\/2020\/09\/vamos-chilenos-1024x618.jpg 1024w, https:\/\/www.radiolimari.cl\/wp-content\/uploads\/2020\/09\/vamos-chilenos.jpg 1274w\" sizes=\"(max-width: 300px) 100vw, 300px\" \/><\/a><\/p>\n<ul>\n<li><em>Personas, empresas e instituciones que quieran realizar un aporte voluntario podr\u00e1n hacerlo a la <strong>cuenta corriente 2020 de Banco de Chile.<\/strong><\/em><\/li>\n<\/ul>\n<p><!--more--><\/p>\n<p>El esp\u00edritu solidario de los chilenos se pondr\u00e1 a prueba nuevamente en estas Fiestas Patrias, para ir en ayuda de quienes se han visto m\u00e1s afectados por la emergencia sanitaria, econ\u00f3mica y social provocada por la pandemia mundial de Covid-19.<\/p>\n<p>Este 18 y 19 de septiembre se realizar\u00e1 la campa\u00f1a <strong>\u201cVamos Chilenos\u201d<\/strong>, iniciativa impulsada por <strong>Fundaci\u00f3n Telet\u00f3n <\/strong>y la <strong>Pontificia Universidad Cat\u00f3lica de Chile, <\/strong>con el apoyo de <strong>Banco de Chile <\/strong>y otras instituciones y organizaciones p\u00fablicas y privadas. Su objetivo ser\u00e1 destacar la solidaridad; homenajear a los trabajadores esenciales durante la pandemia, y especialmente rendir tributo, apoyar e integrar a las personas mayores vulnerables, quienes han sido las m\u00e1s afectadas por el coronavirus y que requieren de especial ayuda y compa\u00f1\u00eda.<\/p>\n<p>La campa\u00f1a ser\u00e1 transmitida por los principales medios de comunicaci\u00f3n del pa\u00eds, y contar\u00e1 con la animaci\u00f3n de <strong>Mario Kreutzberger <\/strong>y destacados comunicadores, as\u00ed como la participaci\u00f3n de artistas nacionales e internacionales.<\/p>\n<p>En el marco de su permanente compromiso con el pa\u00eds, <strong>Banco de Chile<\/strong> participar\u00e1 una vez m\u00e1s en el proceso de recaudaci\u00f3n para los aportes voluntarios que se reciban. As\u00ed, personas, empresas e instituciones podr\u00e1n realizar donaciones a la <strong>cuenta corriente 2020 de Banco de Chile<\/strong>, especialmente creada para esta ocasi\u00f3n.<\/p>\n<p>Los fondos que se recauden ir\u00e1n en directo beneficio de personas mayores en situaci\u00f3n de vulnerabilidad a trav\u00e9s de la <strong>Fundaci\u00f3n Conecta Mayor <\/strong>de la <strong>Pontificia Universidad Cat\u00f3lica de Chile.<\/strong> Con el impulso y recaudaci\u00f3n de la campa\u00f1a <strong>\u201cVamos Chilenos\u201d<\/strong> se crear\u00e1 un\u00a0<strong>Centro de Ayuda y Comunicaci\u00f3n Virtual,<\/strong>\u00a0llamado\u00a0<strong>Conecta Mayor, <\/strong>a trav\u00e9s del cual <strong>se les entregar\u00e1 un\u00a0dispositivo basado en la tecnolog\u00eda celular, de uso amigable a las personas mayores, que les permitir\u00e1 comunicarse, mediante seis botones pre-definidos.<\/strong><\/p>\n<p><strong>Conecta Mayor <\/strong>atender\u00e1 consultas y requerimientos de las personas mayores que viven solas a trav\u00e9s de <strong>Salud Responde<\/strong>\u00a0y de los <strong>Centros de Salud Familiar\u00a0(Cesfam). <\/strong>Adem\u00e1s, las personas mayores <strong>s<\/strong><strong>e podr\u00e1n conectar con al menos dos\u00a0familiares cercanos\u00a0y con un sistema de seguridad de Carabineros y Seguridad Ciudadana.<\/strong> El objetivo es financiar este proyecto por 24 meses.<\/p>\n<p>Asimismo, <strong>se les entregar\u00e1 un\u00a0kit de insumos y alimentos<\/strong>, bajo la supervisi\u00f3n de la\u00a0<strong>Sociedad Geri\u00e1trica y Gerontol\u00f3gica de Chile, <\/strong>y del \u00e1rea de <strong>Nutrici\u00f3n de la Pontificia Universidad Cat\u00f3lica de Chile.<\/strong>\u00a0La idea es realizar una entrega\u00a0mensual,\u00a0hasta marzo de 2021. En esta primera etapa se pretende beneficiar a m\u00e1s de\u00a0<strong>50 mil personas mayores<\/strong>, de los sectores m\u00e1s necesitados del pa\u00eds.<\/p>\n<p><strong>El gerente general de Banco de Chile, Eduardo Ebensperger,<\/strong> expres\u00f3 el compromiso de la organizaci\u00f3n y todos sus colaboradores con la campa\u00f1a <strong>\u201cVamos Chilenos\u201d.<\/strong> Afirm\u00f3 que \u201cdurante los \u00faltimos meses hemos sido testigos del enorme sacrificio de las personas mayores para no exponerse a un eventual contagio de Covid-19, soportando largos per\u00edodos de encierro, soledad y la imposibilidad de abrazar a sus seres queridos. Sentimos una profunda admiraci\u00f3n y respeto por todos ellos; queremos visibilizar sus historias para levantar el esp\u00edritu de nuestro pa\u00eds y recargar energ\u00edas para superar esta pandemia y sus efectos sanitarios, sociales y econ\u00f3micos\u201d.<\/p>\n<p>La campa\u00f1a, que tiene como lema <strong>\u201cCu\u00eddate del coronavirus, cont\u00e1giate de solidaridad\u201d,<\/strong> cuenta tambi\u00e9n con el apoyo de la <strong>Asociaci\u00f3n Nacional de Televisi\u00f3n (ANATEL),<\/strong> la <strong>Asociaci\u00f3n Regional de Canales de Televisi\u00f3n (ARCATEL),<\/strong> la <strong>Asociaci\u00f3n de Radiodifusores de Chile (ARCHI),<\/strong> la <strong>Asociaci\u00f3n Nacional de la Prensa (ANP),<\/strong> el <strong>Servicio Nacional del Adulto Mayor (SENAMA)<\/strong> y <strong>los alcaldes del pa\u00eds a trav\u00e9s de sus asociaciones de municipalidades.<\/strong><\/p>\n<p><strong>FORMAS DE DONAR<\/strong><\/p>\n<ul>\n<li><strong>En <a href=\"http:\/\/www.bancochile.cl\">www.bancochile.cl<\/a> ; <a href=\"http:\/\/www.bancoedwards.cl\">www.bancoedwards.cl<\/a> ; <a href=\"http:\/\/www.bancocredichile.cl\">www.bancocredichile.cl<\/a><\/strong><\/li>\n<\/ul>\n<p><strong>-Clientes Banco de Chile: <\/strong>aportes clientes Banco de Chile, Banco Edwards y Banco CrediChile a trav\u00e9s de banco en l\u00ednea.<\/p>\n<ul>\n<li><strong>En Webpay<\/strong><\/li>\n<\/ul>\n<p><strong>-Clientes otros bancos: <\/strong>aportes desde otros bancos con tarjeta de d\u00e9bito o tarjeta de cr\u00e9dito a trav\u00e9s de WebPay Plus.<\/p>\n<p>&nbsp;<\/p>\n<p>&#8211;<strong>Desde el extranjero: <\/strong>Con cargo a tarjeta de cr\u00e9dito internacional en d\u00f3lares emitida fuera de Chile (solo Visa y Mastercard) a trav\u00e9s de Webpay Plus.<\/p>\n<ul>\n<li><strong>Por tel\u00e9fono<\/strong><\/li>\n<\/ul>\n<p><strong>&#8211;<\/strong>Clientes Banco de Chile y Banco Edwards desde cuenta corriente.<\/p>\n<p>&nbsp;<\/p>\n<p>-Clientes Banco de Chile: <strong>600 637 37 37<\/strong><\/p>\n<p><strong>\u00a0<\/strong><\/p>\n<p>-Clientes Banco Edwards: <strong>600 231 99 99<\/strong><\/p>\n<ul>\n<li><strong>Desde tu Smartphone<\/strong><\/li>\n<\/ul>\n<p><strong>&#8211;<\/strong>Clientes Banco de Chile, Banco Edwards y Banco CrediChile.<\/p>\n<p>&nbsp;<\/p>\n<p>-Descarga gratuitamente la App Mi Banco desde las tiendas App Store y Google Play.<\/p>\n<p>&nbsp;<\/p>\n<p>-Aportes con cuenta corriente y tarjeta de cr\u00e9dito para clientes Banco de Chile, Banco Edwards y Banco CrediChile.<\/p>\n","protected":false},"excerpt":{"rendered":"<p>Personas, empresas e instituciones que quieran realizar un aporte voluntario podr\u00e1n hacerlo a la cuenta corriente 2020 de Banco de Chile.<\/p>\n","protected":false},"author":2,"featured_media":3732,"comment_status":"open","ping_status":"open","sticky":false,"template":"","format":"standard","meta":{"footnotes":""},"categories":[3],"tags":[],"class_list":["post-3731","post","type-post","status-publish","format-standard","has-post-thumbnail","hentry","category-actualidad"],"_links":{"self":[{"href":"https:\/\/www.radiolimari.cl\/index.php?rest_route=\/wp\/v2\/posts\/3731","targetHints":{"allow":["GET"]}}],"collection":[{"href":"https:\/\/www.radiolimari.cl\/index.php?rest_route=\/wp\/v2\/posts"}],"about":[{"href":"https:\/\/www.radiolimari.cl\/index.php?rest_route=\/wp\/v2\/types\/post"}],"author":[{"embeddable":true,"href":"https:\/\/www.radiolimari.cl\/index.php?rest_route=\/wp\/v2\/users\/2"}],"replies":[{"embeddable":true,"href":"https:\/\/www.radiolimari.cl\/index.php?rest_route=%2Fwp%2Fv2%2Fcomments&post=3731"}],"version-history":[{"count":1,"href":"https:\/\/www.radiolimari.cl\/index.php?rest_route=\/wp\/v2\/posts\/3731\/revisions"}],"predecessor-version":[{"id":3733,"href":"https:\/\/www.radiolimari.cl\/index.php?rest_route=\/wp\/v2\/posts\/3731\/revisions\/3733"}],"wp:featuredmedia":[{"embeddable":true,"href":"https:\/\/www.radiolimari.cl\/index.php?rest_route=\/wp\/v2\/media\/3732"}],"wp:attachment":[{"href":"https:\/\/www.radiolimari.cl\/index.php?rest_route=%2Fwp%2Fv2%2Fmedia&parent=3731"}],"wp:term":[{"taxonomy":"category","embeddable":true,"href":"https:\/\/www.radiolimari.cl\/index.php?rest_route=%2Fwp%2Fv2%2Fcategories&post=3731"},{"taxonomy":"post_tag","embeddable":true,"href":"https:\/\/www.radiolimari.cl\/index.php?rest_route=%2Fwp%2Fv2%2Ftags&post=3731"}],"curies":[{"name":"wp","href":"https:\/\/api.w.org\/{rel}","templated":true}]}}