{"id":3689,"date":"2020-09-10T19:02:40","date_gmt":"2020-09-10T19:02:40","guid":{"rendered":"http:\/\/www.radiolimari.cl\/?p=3689"},"modified":"2020-09-10T19:02:40","modified_gmt":"2020-09-10T19:02:40","slug":"personas-en-situacion-de-calle-elaboran-productos-en-albergue-de-la-serena-buscando-futuros-emprendimientos","status":"publish","type":"post","link":"https:\/\/www.radiolimari.cl\/?p=3689","title":{"rendered":"Personas en situaci\u00f3n de calle elaboran productos en albergue de La Serena buscando futuros emprendimientos"},"content":{"rendered":"<p><a href=\"https:\/\/www.radiolimari.cl\/wp-content\/uploads\/2020\/09\/10.09-TALLERES-PERSONAS-EN-SITUACI\u00d3N-DE-CALLE-1-min.jpg\"><img fetchpriority=\"high\" decoding=\"async\" class=\"alignnone size-medium wp-image-3691\" src=\"https:\/\/www.radiolimari.cl\/wp-content\/uploads\/2020\/09\/10.09-TALLERES-PERSONAS-EN-SITUACI\u00d3N-DE-CALLE-1-min-300x225.jpg\" alt=\"10.09 TALLERES PERSONAS EN SITUACI\u00d3N DE CALLE (1)-min\" width=\"300\" height=\"225\" srcset=\"https:\/\/www.radiolimari.cl\/wp-content\/uploads\/2020\/09\/10.09-TALLERES-PERSONAS-EN-SITUACI\u00d3N-DE-CALLE-1-min-300x225.jpg 300w, https:\/\/www.radiolimari.cl\/wp-content\/uploads\/2020\/09\/10.09-TALLERES-PERSONAS-EN-SITUACI\u00d3N-DE-CALLE-1-min-1024x768.jpg 1024w\" sizes=\"(max-width: 300px) 100vw, 300px\" \/><\/a><\/p>\n<p><strong>Autoridades regionales del Ministerio de Desarrollo Social y Familia, realizan un trabajo de vinculaci\u00f3n para proyectar emprendimientos en la l\u00ednea FOSIS.\u00a0\u00a0\u00a0 <\/strong><!--more--><\/p>\n<p>En el albergue de Plan Invierno Protegido de La Serena, que actualmente cuenta con apoyo municipal, se han desarrollado diferentes estrategias para sobrellevar el confinamiento de las personas en situaci\u00f3n de calle. Una de ellas, es la realizaci\u00f3n de talleres donde han aprendido a confeccionar productos con material reciclado como artesan\u00edas, prendas hechas con telar y hasta incluso muebles.<\/p>\n<p>&nbsp;<\/p>\n<p>Al respecto, la Ministra de Desarrollo Social y Familia, Karla Rubilar, destac\u00f3 la importancia de \u201cgenerar espacios a las personas en situaci\u00f3n de calle para que puedan desarrollar sus capacidades. Por medio del Programa Noche Digna, que contempla el Plan Invierno Protegido, hemos podido resguardarlos, en la Regi\u00f3n de Coquimbo y en todas las regiones del pa\u00eds, ante esta crisis sanitaria, pero no s\u00f3lo eso, tambi\u00e9n les estamos creando instancias para apoyarlos a salir de esta condici\u00f3n\u201d.<\/p>\n<p>En tal sentido, el Seremi de Desarrollo Social y Familia Marcelo Telias, explic\u00f3 la relevancia de\u00a0 vincular esta labor con ideas de emprendimiento y proyecci\u00f3n a futuro: \u201cEl poder realizar un trabajo conjunto, en base a adquirir nuevos conocimientos con los cuales el d\u00eda de ma\u00f1ana cuando salgan, puedan valerse por s\u00ed mismos. Estamos realizando una coordinaci\u00f3n en la l\u00ednea FOSIS, para tambi\u00e9n tengan la oportunidad de postular sus proyectos, integr\u00e1ndolos a nuestra Red de Protecci\u00f3n Social, al Registro Social de Hogares y teniendo como finalidad entregarles esa ayuda que tanto necesitan, para superar la situaci\u00f3n de calle\u201d.<\/p>\n<p>Por su parte, Joel Navarrete, quien es uno de los usuarios del albergue de La Serena, cont\u00f3 parte del proceso que realizan: \u201cSacamos la madera, la limpiamos, la cortamos y fabricamos artesan\u00edas, por ejemplo este cofrecito para guardar joyas, hecho con cosas recicladas o como esta peque\u00f1a carretita para adorno\u201d.<\/p>\n<p>En esta misma l\u00ednea, la Directora Regional de FOSIS, Loreto Molina, se\u00f1al\u00f3 que \u201cestamos muy contentos de haber visitado a este albergue, en el que las personas est\u00e1n aprendiendo a desarrollar diferentes emprendimientos tales como fabricaci\u00f3n de muebles, artesan\u00edas entre otras cosas. El sentido de esta visita es vincularnos en que estas personas puedan postular a los programas de emprendimiento que ofrece FOSIS\u201d.<\/p>\n<p>Cabe destacar, que durante estos meses de la pandemia del COVID-19, las personas en situaci\u00f3n de calle han podido resguardarse en los albergues del Plan Invierno Protegido del Ministerio de Desarrollo Social y Familia dispuestos en las comunas de La Serena, Coquimbo y Ovalle, con 20 cupos cada uno.<\/p>\n<p>Adem\u00e1s, el Plan Invierno Protegido contempla la Ruta M\u00e9dica junto al Servicio de Salud Coquimbo, y la Ruta Protege con la ejecuci\u00f3n de Carabineros, que tienen como objetivo brindar atenci\u00f3n de salud en los propios puntos donde pernoctan personas en situaci\u00f3n de calle, as\u00ed como tambi\u00e9n, la entrega de alimentos y elementos de protecci\u00f3n personal.<\/p>\n<p>&nbsp;<\/p>\n<p>&nbsp;<\/p>\n","protected":false},"excerpt":{"rendered":"<p>Autoridades regionales del Ministerio de Desarrollo Social y Familia, realizan un trabajo de vinculaci\u00f3n para proyectar emprendimientos en la l\u00ednea FOSIS.\u00a0\u00a0\u00a0<\/p>\n","protected":false},"author":2,"featured_media":3691,"comment_status":"open","ping_status":"open","sticky":false,"template":"","format":"standard","meta":{"footnotes":""},"categories":[6],"tags":[],"class_list":["post-3689","post","type-post","status-publish","format-standard","has-post-thumbnail","hentry","category-regionales"],"_links":{"self":[{"href":"https:\/\/www.radiolimari.cl\/index.php?rest_route=\/wp\/v2\/posts\/3689","targetHints":{"allow":["GET"]}}],"collection":[{"href":"https:\/\/www.radiolimari.cl\/index.php?rest_route=\/wp\/v2\/posts"}],"about":[{"href":"https:\/\/www.radiolimari.cl\/index.php?rest_route=\/wp\/v2\/types\/post"}],"author":[{"embeddable":true,"href":"https:\/\/www.radiolimari.cl\/index.php?rest_route=\/wp\/v2\/users\/2"}],"replies":[{"embeddable":true,"href":"https:\/\/www.radiolimari.cl\/index.php?rest_route=%2Fwp%2Fv2%2Fcomments&post=3689"}],"version-history":[{"count":1,"href":"https:\/\/www.radiolimari.cl\/index.php?rest_route=\/wp\/v2\/posts\/3689\/revisions"}],"predecessor-version":[{"id":3692,"href":"https:\/\/www.radiolimari.cl\/index.php?rest_route=\/wp\/v2\/posts\/3689\/revisions\/3692"}],"wp:featuredmedia":[{"embeddable":true,"href":"https:\/\/www.radiolimari.cl\/index.php?rest_route=\/wp\/v2\/media\/3691"}],"wp:attachment":[{"href":"https:\/\/www.radiolimari.cl\/index.php?rest_route=%2Fwp%2Fv2%2Fmedia&parent=3689"}],"wp:term":[{"taxonomy":"category","embeddable":true,"href":"https:\/\/www.radiolimari.cl\/index.php?rest_route=%2Fwp%2Fv2%2Fcategories&post=3689"},{"taxonomy":"post_tag","embeddable":true,"href":"https:\/\/www.radiolimari.cl\/index.php?rest_route=%2Fwp%2Fv2%2Ftags&post=3689"}],"curies":[{"name":"wp","href":"https:\/\/api.w.org\/{rel}","templated":true}]}}