{"id":3686,"date":"2020-09-10T18:57:49","date_gmt":"2020-09-10T18:57:49","guid":{"rendered":"http:\/\/www.radiolimari.cl\/?p=3686"},"modified":"2020-09-10T18:57:49","modified_gmt":"2020-09-10T18:57:49","slug":"mujeres-de-la-region-de-coquimbo-lideran-estudio-con-mayor-reconocimiento-de-violencia-intrafamiliar-en-el-pais","status":"publish","type":"post","link":"https:\/\/www.radiolimari.cl\/?p=3686","title":{"rendered":"Mujeres de la Regi\u00f3n de Coquimbo lideran estudio con mayor reconocimiento de violencia intrafamiliar en el pa\u00eds"},"content":{"rendered":"<p><a href=\"https:\/\/www.radiolimari.cl\/wp-content\/uploads\/2020\/09\/10.09-sernameg.jpg\"><img fetchpriority=\"high\" decoding=\"async\" class=\"alignnone size-medium wp-image-3687\" src=\"https:\/\/www.radiolimari.cl\/wp-content\/uploads\/2020\/09\/10.09-sernameg-300x225.jpg\" alt=\"10.09 sernameg\" width=\"300\" height=\"225\" srcset=\"https:\/\/www.radiolimari.cl\/wp-content\/uploads\/2020\/09\/10.09-sernameg-300x225.jpg 300w, https:\/\/www.radiolimari.cl\/wp-content\/uploads\/2020\/09\/10.09-sernameg-1024x768.jpg 1024w\" sizes=\"(max-width: 300px) 100vw, 300px\" \/><\/a><\/p>\n<p>29,5 por ciento de mujeres en la regi\u00f3n de Coquimbo declaran haber sufrido violencia durante los \u00faltimos 12 meses, seg\u00fan datos de la IV Encuesta de Violencia en el \u00c1mbito Intrafamiliar y otros Espacios\/Violencia Contra la Mujer, realizada por la Subsecretar\u00eda de Prevenci\u00f3n del Delito<!--more--><\/p>\n<p>Esta cifra es la m\u00e1s alta a nivel nacional, sin embargo, la regi\u00f3n de Arica y Parinacota es la que m\u00e1s aumento tiene comparativamente de esta misma Encuesta efectuada entre la del 2017 con la del 2020, con un 13,5 por ciento, mientras que la regi\u00f3n de Coquimbo entre el 2017 al 2020 aument\u00f3 en un 7.2 por ciento.<\/p>\n<p>Los resultados de este estudio fueron dados a conocer hace unos d\u00edas en Santiago por la Ministra de la Mujer y la Equidad de G\u00e9nero M\u00f3nica Zalaquett junto a la Subsecretaria de Prevenci\u00f3n del Delito, Katherine Martorell.<\/p>\n<p>A nivel pa\u00eds, respecto al indicador de violencia general vida, este presenta un aumento estad\u00edsticamente significativo, entre las mediciones 2017 y 2020, de 38,2% a 41,4% (2 de cada 5 mujeres aseguran haber sufrido alg\u00fan tipo de violencia alguna vez en la vida)<\/p>\n<p>Mientras, que el indicador general a\u00f1o se presenta estable en relaci\u00f3n con el levantamiento anterior, pasando de 21% a 21,7% (1 de cada 5 mujeres declaran haber sufrido alg\u00fan tipo de violencia los \u00faltimos 12 meses)<\/p>\n<p>En tanto, relacionado a los tipos de violencia, el 38,3% (35,9% en 2017) mujeres declara haber sufrido violencia psicol\u00f3gica al menos una vez en su vida. Sigue la violencia f\u00edsica con un 15,55 (16,3% en 2017) y la violencia sexual un 6,9%.<\/p>\n<p>Uno de los indicadores que m\u00e1s preocupa de la IV Encuesta Nacional de Violencia Intrafamiliar se refiere al de denuncia. \u00c9ste presenta una baja respecto a la medici\u00f3n anterior; Denuncia por Violencia Psicol\u00f3gica pasa de 22,8% a 19%, Denuncia por Violencia F\u00edsica pasa de 36,5% a 29% y Denuncia por Violencia Sexual pasa de 23% a 16,3%.<\/p>\n<p>Ante estas cifras la seremi de la Mujer y la Equidad de G\u00e9nero Iv\u00f3n Guerra Aguilera sostuvo<strong>, \u201choy las mujeres ya no normalizamos situaciones que tal vez en otros tiempos, en otro contexto de nuestra sociedad no se reconoc\u00edan como violencia. Esa es la gran noticia y lo que nos hace ver esta encuesta con buenos ojos. Estamos frente a un profundo cambio cultural que nos parece positivo y que nos desaf\u00eda como sociedad a seguir ese camino\u201d.<\/strong><\/p>\n<p>Respecto a las cifras de la regi\u00f3n de Coquimbo, Iv\u00f3n Guerra dijo que el objetivo del Ministerio de la Mujer es seguir trabajando para apoyar a las mujeres e instarlas a denunciar, <strong>\u201cindudablemente son cifras que llaman a la preocupaci\u00f3n, pero que tambi\u00e9n nos evidencian que hoy las mujeres est\u00e1n reconociendo los actos de agresi\u00f3n de las cuales son v\u00edctimas y ese es el primer paso en el camino a la erradicaci\u00f3n de todo tipo de violencia contra las mujeres. El llamado es enf\u00e1tico, y es que debemos denunciar estos hechos. A las mujeres de nuestra regi\u00f3n les decimos que aqu\u00ed hay una instituci\u00f3n que trabaja coordinadamente con SernamEG para entregarles todo el apoyo psicosocial y jur\u00eddico que requieran, a trav\u00e9s de nuestros centros de la mujer y que no olviden que nada justifica la violencia, no est\u00e1n solas<\/strong>\u201d, destac\u00f3 la autoridad.<\/p>\n<p>El estudio fue de car\u00e1cter cuantitativo con aplicaci\u00f3n de encuesta estructurada mediante Tablet a una muestra probabil\u00edstica. El p\u00fablico objetivo de la encuesta alcanz\u00f3 a mujeres entre 15 a\u00f1os y m\u00e1s, residentes en las zonas urbanas de las 16 regiones del pa\u00eds<\/p>\n<p>&nbsp;<\/p>\n","protected":false},"excerpt":{"rendered":"<p>29,5 por ciento de mujeres en la regi\u00f3n de Coquimbo declaran haber sufrido violencia durante los \u00faltimos 12 meses, seg\u00fan datos de la IV Encuesta de Violencia en el \u00c1mbito Intrafamiliar y otros Espacios\/Violencia Contra la Mujer, realizada por la Subsecretar\u00eda de Prevenci\u00f3n del Delito<\/p>\n","protected":false},"author":2,"featured_media":3687,"comment_status":"open","ping_status":"open","sticky":false,"template":"","format":"standard","meta":{"footnotes":""},"categories":[6],"tags":[],"class_list":["post-3686","post","type-post","status-publish","format-standard","has-post-thumbnail","hentry","category-regionales"],"_links":{"self":[{"href":"https:\/\/www.radiolimari.cl\/index.php?rest_route=\/wp\/v2\/posts\/3686","targetHints":{"allow":["GET"]}}],"collection":[{"href":"https:\/\/www.radiolimari.cl\/index.php?rest_route=\/wp\/v2\/posts"}],"about":[{"href":"https:\/\/www.radiolimari.cl\/index.php?rest_route=\/wp\/v2\/types\/post"}],"author":[{"embeddable":true,"href":"https:\/\/www.radiolimari.cl\/index.php?rest_route=\/wp\/v2\/users\/2"}],"replies":[{"embeddable":true,"href":"https:\/\/www.radiolimari.cl\/index.php?rest_route=%2Fwp%2Fv2%2Fcomments&post=3686"}],"version-history":[{"count":1,"href":"https:\/\/www.radiolimari.cl\/index.php?rest_route=\/wp\/v2\/posts\/3686\/revisions"}],"predecessor-version":[{"id":3688,"href":"https:\/\/www.radiolimari.cl\/index.php?rest_route=\/wp\/v2\/posts\/3686\/revisions\/3688"}],"wp:featuredmedia":[{"embeddable":true,"href":"https:\/\/www.radiolimari.cl\/index.php?rest_route=\/wp\/v2\/media\/3687"}],"wp:attachment":[{"href":"https:\/\/www.radiolimari.cl\/index.php?rest_route=%2Fwp%2Fv2%2Fmedia&parent=3686"}],"wp:term":[{"taxonomy":"category","embeddable":true,"href":"https:\/\/www.radiolimari.cl\/index.php?rest_route=%2Fwp%2Fv2%2Fcategories&post=3686"},{"taxonomy":"post_tag","embeddable":true,"href":"https:\/\/www.radiolimari.cl\/index.php?rest_route=%2Fwp%2Fv2%2Ftags&post=3686"}],"curies":[{"name":"wp","href":"https:\/\/api.w.org\/{rel}","templated":true}]}}