{"id":3674,"date":"2020-09-09T16:35:52","date_gmt":"2020-09-09T16:35:52","guid":{"rendered":"http:\/\/www.radiolimari.cl\/?p=3674"},"modified":"2020-09-09T16:35:52","modified_gmt":"2020-09-09T16:35:52","slug":"inscribete-y-postula-al-servicio-militar","status":"publish","type":"post","link":"https:\/\/www.radiolimari.cl\/?p=3674","title":{"rendered":"INSCR\u00cdBETE  Y POSTULA AL SERVICIO MILITAR"},"content":{"rendered":"<p><a href=\"https:\/\/www.radiolimari.cl\/wp-content\/uploads\/2020\/09\/9.09-servicio-militar.jpg\"><img fetchpriority=\"high\" decoding=\"async\" class=\"alignnone size-medium wp-image-3675\" src=\"https:\/\/www.radiolimari.cl\/wp-content\/uploads\/2020\/09\/9.09-servicio-militar-300x192.jpg\" alt=\"9.09 servicio militar\" width=\"300\" height=\"192\" srcset=\"https:\/\/www.radiolimari.cl\/wp-content\/uploads\/2020\/09\/9.09-servicio-militar-300x192.jpg 300w, https:\/\/www.radiolimari.cl\/wp-content\/uploads\/2020\/09\/9.09-servicio-militar-1024x655.jpg 1024w, https:\/\/www.radiolimari.cl\/wp-content\/uploads\/2020\/09\/9.09-servicio-militar.jpg 1477w\" sizes=\"(max-width: 300px) 100vw, 300px\" \/><\/a><\/p>\n<p><strong>Ahora es cuando decidir, convierte tu obligaci\u00f3n en voluntariedad. \u00ab<\/strong><strong>Servicio Militar, un compromiso con mi pa\u00eds y conmigo\u201d.<\/strong><!--more--><\/p>\n<p>El Cant\u00f3n de Reclutamiento de la ciudad de Ovalle est\u00e1 invitando a todos los j\u00f3venes (damas y varones) entre 18 y 24 a\u00f1os de edad que quieran inscribirse como voluntarios al Servicio Militar para que ingresen con su clave \u00fanica a la p\u00e1gina www.serviciomilitar.cl o concurran al cant\u00f3n de Reclutamiento de Ovalle, ubicado en calle Santiago 228 y manifiesten su voluntariedad.<\/p>\n<p>El horario de atenci\u00f3n es de 09:00 a 14:00 horas de lunes a viernes, fono 2434870, email: canton_ovalle@dgmn.cl.<\/p>\n<p>Si tienes 17 a\u00f1os, y quieres adelantar tu servicio militar, debes acudir \u00a0a este Cant\u00f3n de Reclutamiento en compa\u00f1\u00eda de uno de tus padres o tutor legal.<\/p>\n<p><strong>Varones nacidos el a\u00f1o 2002:<\/strong><\/p>\n<p>\u201cHoy, tienes la oportunidad de hacer un compromiso con tu pa\u00eds. Un compromiso con tu futuro y las pr\u00f3ximas generaciones, que afrontaremos sin importar el desaf\u00edo y as\u00ed, avanzar todos juntos en nuestro deber. Por eso, mot\u00edvate a elegir el Servicio Militar y comprom\u00e9tete con tu pa\u00eds. Inscr\u00edbete y postula.<\/p>\n","protected":false},"excerpt":{"rendered":"<p>Ahora es cuando decidir, convierte tu obligaci\u00f3n en voluntariedad. \u00abServicio Militar, un compromiso con mi pa\u00eds y conmigo\u201d.<\/p>\n","protected":false},"author":2,"featured_media":3675,"comment_status":"open","ping_status":"open","sticky":false,"template":"","format":"standard","meta":{"footnotes":""},"categories":[5],"tags":[],"class_list":["post-3674","post","type-post","status-publish","format-standard","has-post-thumbnail","hentry","category-actualidad-limarina"],"_links":{"self":[{"href":"https:\/\/www.radiolimari.cl\/index.php?rest_route=\/wp\/v2\/posts\/3674","targetHints":{"allow":["GET"]}}],"collection":[{"href":"https:\/\/www.radiolimari.cl\/index.php?rest_route=\/wp\/v2\/posts"}],"about":[{"href":"https:\/\/www.radiolimari.cl\/index.php?rest_route=\/wp\/v2\/types\/post"}],"author":[{"embeddable":true,"href":"https:\/\/www.radiolimari.cl\/index.php?rest_route=\/wp\/v2\/users\/2"}],"replies":[{"embeddable":true,"href":"https:\/\/www.radiolimari.cl\/index.php?rest_route=%2Fwp%2Fv2%2Fcomments&post=3674"}],"version-history":[{"count":1,"href":"https:\/\/www.radiolimari.cl\/index.php?rest_route=\/wp\/v2\/posts\/3674\/revisions"}],"predecessor-version":[{"id":3676,"href":"https:\/\/www.radiolimari.cl\/index.php?rest_route=\/wp\/v2\/posts\/3674\/revisions\/3676"}],"wp:featuredmedia":[{"embeddable":true,"href":"https:\/\/www.radiolimari.cl\/index.php?rest_route=\/wp\/v2\/media\/3675"}],"wp:attachment":[{"href":"https:\/\/www.radiolimari.cl\/index.php?rest_route=%2Fwp%2Fv2%2Fmedia&parent=3674"}],"wp:term":[{"taxonomy":"category","embeddable":true,"href":"https:\/\/www.radiolimari.cl\/index.php?rest_route=%2Fwp%2Fv2%2Fcategories&post=3674"},{"taxonomy":"post_tag","embeddable":true,"href":"https:\/\/www.radiolimari.cl\/index.php?rest_route=%2Fwp%2Fv2%2Ftags&post=3674"}],"curies":[{"name":"wp","href":"https:\/\/api.w.org\/{rel}","templated":true}]}}