{"id":3670,"date":"2020-09-09T14:41:45","date_gmt":"2020-09-09T14:41:45","guid":{"rendered":"http:\/\/www.radiolimari.cl\/?p=3670"},"modified":"2020-09-09T14:41:45","modified_gmt":"2020-09-09T14:41:45","slug":"gobernacion-refuerza-llamado-para-unas-fiestas-patrias-responsables-en-la-provincia-de-limari","status":"publish","type":"post","link":"https:\/\/www.radiolimari.cl\/?p=3670","title":{"rendered":"Gobernaci\u00f3n refuerza llamado para unas Fiestas Patrias responsables en la provincia de Limar\u00ed"},"content":{"rendered":"<p><a href=\"https:\/\/www.radiolimari.cl\/wp-content\/uploads\/2020\/09\/9.09-fiesta-spatrias-gobernaci\u00f3n.jpeg\"><img decoding=\"async\" class=\"alignnone size-medium wp-image-3672\" src=\"https:\/\/www.radiolimari.cl\/wp-content\/uploads\/2020\/09\/9.09-fiesta-spatrias-gobernaci\u00f3n-300x166.jpeg\" alt=\"9.09 fiesta spatrias gobernaci\u00f3n\" width=\"300\" height=\"166\" srcset=\"https:\/\/www.radiolimari.cl\/wp-content\/uploads\/2020\/09\/9.09-fiesta-spatrias-gobernaci\u00f3n-300x166.jpeg 300w, https:\/\/www.radiolimari.cl\/wp-content\/uploads\/2020\/09\/9.09-fiesta-spatrias-gobernaci\u00f3n-1024x568.jpeg 1024w, https:\/\/www.radiolimari.cl\/wp-content\/uploads\/2020\/09\/9.09-fiesta-spatrias-gobernaci\u00f3n.jpeg 1080w\" sizes=\"(max-width: 300px) 100vw, 300px\" \/><\/a><\/p>\n<p><strong><em>Plan de Gobierno busca evitar contagios producto de la movilidad social que se genera en las festividades patrias.<\/em><\/strong><!--more--><\/p>\n<p>El Gobierno de Chile ha anunciado el plan\u00a0\u201cFond\u00e9ate en tu casa\u201d\u00a0que busca que los chilenos y chilenas\u00a0celebren las Fiestas Patrias en familia de forma cuidadosa\u00a0producto de la pandemia del coronavirus. El principal llamado es a evitar trasladarse fuera de casa y mantener las medidas preventivas de coronavirus. Tomando en consideraci\u00f3n las distintas fases en que se encuentran las comunas de la provincia de Limar\u00ed la Gobernaci\u00f3n de Limar\u00ed explica en detalle c\u00f3mo funcionar\u00e1 este plan preventivo en el territorio local.<\/p>\n<p>Las comunas en Paso 1, en cuarentena, como es la ciudad de Ovalle, mantienen todas las restricciones hoy vigentes, por lo que no podr\u00e1n acceder a los permisos especiales de desplazamiento para los d\u00edas 18, 19 y 20 de septiembre. S\u00ed podr\u00e1n acceder a los permisos individuales vigentes hoy.<\/p>\n<p>Las comunas en Paso 3, como lo son R\u00edo Hurtado, Combarbala, Monte Patria y Punitaqui disminuyen el aforo permitido en reuniones a 5 personas adicionales a las que habitan el hogar o de 10 personas en espacios abiertos. Las personas de estas comunas no necesitar\u00e1n un permiso especial de traslado, salvo que se dirijan a una comuna en Paso 2 o Transici\u00f3n, autorizaci\u00f3n por 6 horas que solo podr\u00e1n pedir para uno de los 3 d\u00edas de Fiestas Patrias. Asimismo podr\u00e1n trasladarse a una comuna en cuarentena, siempre y cuando sea absolutamente necesario y con la justificaci\u00f3n del salvoconducto o permiso individual correspondiente.<\/p>\n<p>Seg\u00fan lo se\u00f1ala el Gobernador de Limar\u00ed \u201cestas medidas son acordes al nivel de esfuerzo en el control y fiscalizaci\u00f3n que hemos implementado especialmente para la comuna de Ovalle. Las medidas que lleva adelante el Gobierno para fiestas patrias nos permite conservar la rigidez del control en favor de la protecci\u00f3n de\u00a0 la salud de todos. Hay que pensar en el bien superior y a pesar de comprender lo inc\u00f3modo de estas restricciones, pedimos una vez m\u00e1s a la poblaci\u00f3n mucha responsabilidad y prudencia en el comportamiento especialmente en estas Fiestas Patrias. As\u00ed no pondremos en riesgo un posible retroceso en el nivel de contagios en Ovalle y adem\u00e1s contribuiremos a proteger de potenciales riesgos en la salud de las otras cuatro comunas de nuestra Provincia de Limar\u00ed\u201d.<\/p>\n<p>Cabe destacar que para cada comuna del territorio nacional, estar\u00e1n prohibidos los eventos masivos y fondas, adem\u00e1s de los traslados interregionales o a segundas viviendas. Cabe recordar que el 18 y 19 de septiembre son feriados irrenunciables, por lo que el comercio no puede abrir, salvo que el local sea atendido por sus propios due\u00f1os.\u00a0 Adem\u00e1s entre el 18 y el 20 de septiembre, el toque de queda se adelanta a las 21 horas.<\/p>\n","protected":false},"excerpt":{"rendered":"<p>Plan de Gobierno busca evitar contagios producto de la movilidad social que se genera en las festividades patrias.<\/p>\n","protected":false},"author":2,"featured_media":3672,"comment_status":"open","ping_status":"open","sticky":false,"template":"","format":"standard","meta":{"footnotes":""},"categories":[5],"tags":[],"class_list":["post-3670","post","type-post","status-publish","format-standard","has-post-thumbnail","hentry","category-actualidad-limarina"],"_links":{"self":[{"href":"https:\/\/www.radiolimari.cl\/index.php?rest_route=\/wp\/v2\/posts\/3670","targetHints":{"allow":["GET"]}}],"collection":[{"href":"https:\/\/www.radiolimari.cl\/index.php?rest_route=\/wp\/v2\/posts"}],"about":[{"href":"https:\/\/www.radiolimari.cl\/index.php?rest_route=\/wp\/v2\/types\/post"}],"author":[{"embeddable":true,"href":"https:\/\/www.radiolimari.cl\/index.php?rest_route=\/wp\/v2\/users\/2"}],"replies":[{"embeddable":true,"href":"https:\/\/www.radiolimari.cl\/index.php?rest_route=%2Fwp%2Fv2%2Fcomments&post=3670"}],"version-history":[{"count":1,"href":"https:\/\/www.radiolimari.cl\/index.php?rest_route=\/wp\/v2\/posts\/3670\/revisions"}],"predecessor-version":[{"id":3673,"href":"https:\/\/www.radiolimari.cl\/index.php?rest_route=\/wp\/v2\/posts\/3670\/revisions\/3673"}],"wp:featuredmedia":[{"embeddable":true,"href":"https:\/\/www.radiolimari.cl\/index.php?rest_route=\/wp\/v2\/media\/3672"}],"wp:attachment":[{"href":"https:\/\/www.radiolimari.cl\/index.php?rest_route=%2Fwp%2Fv2%2Fmedia&parent=3670"}],"wp:term":[{"taxonomy":"category","embeddable":true,"href":"https:\/\/www.radiolimari.cl\/index.php?rest_route=%2Fwp%2Fv2%2Fcategories&post=3670"},{"taxonomy":"post_tag","embeddable":true,"href":"https:\/\/www.radiolimari.cl\/index.php?rest_route=%2Fwp%2Fv2%2Ftags&post=3670"}],"curies":[{"name":"wp","href":"https:\/\/api.w.org\/{rel}","templated":true}]}}