{"id":3667,"date":"2020-09-09T14:28:12","date_gmt":"2020-09-09T14:28:12","guid":{"rendered":"http:\/\/www.radiolimari.cl\/?p=3667"},"modified":"2020-09-09T14:28:12","modified_gmt":"2020-09-09T14:28:12","slug":"en-medio-de-la-pandemia-realizan-serie-documental-sobre-artistas-de-monte-patria","status":"publish","type":"post","link":"https:\/\/www.radiolimari.cl\/?p=3667","title":{"rendered":"En medio de la pandemia realizan serie documental sobre artistas de Monte Patria"},"content":{"rendered":"<p><a href=\"https:\/\/www.radiolimari.cl\/wp-content\/uploads\/2020\/09\/9.09-Directores-Serie-Monte-Patria-Vi\u0301ctor-Soto-Castillo-y-Camila-Miranda.jpg\"><img fetchpriority=\"high\" decoding=\"async\" class=\"alignnone size-medium wp-image-3668\" src=\"https:\/\/www.radiolimari.cl\/wp-content\/uploads\/2020\/09\/9.09-Directores-Serie-Monte-Patria-Vi\u0301ctor-Soto-Castillo-y-Camila-Miranda-300x175.jpg\" alt=\"9.09 Directores Serie Monte Patria Vi\u0301ctor Soto Castillo y Camila Miranda\" width=\"300\" height=\"175\" srcset=\"https:\/\/www.radiolimari.cl\/wp-content\/uploads\/2020\/09\/9.09-Directores-Serie-Monte-Patria-Vi\u0301ctor-Soto-Castillo-y-Camila-Miranda-300x175.jpg 300w, https:\/\/www.radiolimari.cl\/wp-content\/uploads\/2020\/09\/9.09-Directores-Serie-Monte-Patria-Vi\u0301ctor-Soto-Castillo-y-Camila-Miranda-1024x599.jpg 1024w\" sizes=\"(max-width: 300px) 100vw, 300px\" \/><\/a><\/p>\n<p><strong>A trav\u00e9s de 20 cap\u00edtulos y con una propuesta creativa in\u00e9dita, \u201cMonte Patria, Cultura Emergente en Situaci\u00f3n de Emergencia\u201d, busca \u00a0poner en valor el trabajo de artistas locales de diversos oficios. El estreno se llevar\u00e1 a cabo este mi\u00e9rcoles 9 de septiembre en las redes sociales. \u00a0<\/strong><!--more--><\/p>\n<p>En plena pandemia y como una forma de apoyar y visibilizar el trabajo de artistas locales, nace \u201cMonte Patria, Cultura Emergente en Situaci\u00f3n de Emergencia\u201d, una serie de 20 cap\u00edtulos en que se relata la vida, labor y procesos creativos de diversos representantes de las \u00e1reas de la orfebrer\u00eda, el teatro esc\u00e9nico, la cer\u00e1mica y el teatro m\u00e1gico.<\/p>\n<p>&nbsp;<\/p>\n<p>El proyecto fue codirigido por los cineastas V\u00edctor Soto y Camila Miranda, producido por S\u00e9ptimo Rastro y financiado por el Ministerio de las Culturas, las Artes y el Patrimonio, como iniciativa de estrategias de sostenibilidad, y este mi\u00e9rcoles 9 de septiembre ser\u00e1 estrenado a las 21:00 horas, a trav\u00e9s del canal de Youtube y el fan page de la productora S\u00e9ptimo Rastro.<\/p>\n<p>&nbsp;<\/p>\n<p>Cabe destacar, que la serie se gener\u00f3 en tiempo r\u00e9cord, ya que la productora tuvo un mes para ejecutar la etapa de investigaci\u00f3n, grabaci\u00f3n y postproducci\u00f3n, esto luego de que el Departamento de Cultura de la Municipalidad de Monte Patria convocara al cineasta V\u00edctor Soto\u00a0 para dirigir la obra.<\/p>\n<p>&nbsp;<\/p>\n<p>\u201cFue un reto desde un inicio, que te convoquen a dirigir una serie es muy atractivo, pero por sobre todo dirigir piezas documentales donde la libertad creativa era parte de la propuesta, lo hace doblemente llamativo. Fue interesante enfrentar un formato que no he realizado tanto, ya que mi zona de confort es la ficci\u00f3n, ha sido una gran experiencia de crecimiento profesional. El documental tiene una complejidad adrenal\u00ednica y excitante al momento de crear el relato, y el montaje documental tiene una intensidad mental mayor\u201d declara V\u00edctor Soto, director de la serie.<\/p>\n<p>&nbsp;<\/p>\n<p>Adem\u00e1s, Soto agrega que \u201cme dieron cuatro semanas para realizar la serie, pens\u00e9 inmediato en convocar a otra directora, ya que por mis tiempos dirigir iba a ser casi imposible, por lo que le propuse codirigir a la cineasta Camila Miranda, mientras yo estaba en el proceso de investigaci\u00f3n con cada entrevistado\u201d.<\/p>\n<p>&nbsp;<\/p>\n<p>Respecto a su incorporaci\u00f3n en la direcci\u00f3n de la serie, Camila Miranda, explica que \u201cllegu\u00e9 por la invitaci\u00f3n de V\u00edctor. Lo que m\u00e1s me atrajo del proyecto fue que fuera en la zona norte, en Monte Patria un lugar desconocido para m\u00ed. Grabar artistas en sus procesos creativos y el trabajo que hay tras el producto final fue interesante, conocer a cada uno de ellos, adentr\u00e1ndome en sus vidas, como trabajan y como llegaron a convertirse en creadores m\u00e1s especializados y reconocidos, eso es lo que m\u00e1s rescato del proceso, el hecho de acercarme culturalmente y socialmente a cada oficio\u201d.<\/p>\n<p>&nbsp;<\/p>\n<p>Los Protagonistas<\/p>\n<p>&nbsp;<\/p>\n<p><strong>TEATRO ESC\u00c9NICO \/ ARTURO VARELA<\/strong><\/p>\n<p>&nbsp;<\/p>\n<p>Arturo Varela es un reconocido artista de la zona, seg\u00fan detalla el equipo creativo, con \u00e9l se busc\u00f3 plasmar el oficio del teatro desde im\u00e1genes on\u00edricas o representaciones de su trayectoria multifac\u00e9tica, a trav\u00e9s de met\u00e1foras o escenas ficcionadas que relataban su visi\u00f3n frente a este arte, su relaci\u00f3n con los sue\u00f1os y con la vida.<\/p>\n<p>&nbsp;<\/p>\n<p>La grabaci\u00f3n se realiz\u00f3 en tres d\u00edas, en espacios como su casa en Ovalle, el campo de su familia en Talhu\u00e9n, el Centro Cultural Huayquilonko, terminando la grabaci\u00f3n en el sector de Tuqu\u00ed tambi\u00e9n ubicado en la Perla de Limar\u00ed.<\/p>\n<p>&nbsp;<\/p>\n<p><strong>TEATRO M\u00c1GICO \/ GASPAR QUEZADA<\/strong><\/p>\n<p><strong>\u00a0<\/strong><\/p>\n<p>El segundo entrevistado de la serie es Gaspar Quezada, quien con su historia acerca al espectador al teatro m\u00e1gico, a trav\u00e9s de un estilo miscel\u00e1neo acorde a las distintas disciplinas que \u00e9l realiza. Aqu\u00ed la direcci\u00f3n de fotograf\u00eda se form\u00f3 mayormente de c\u00e1mara en mano y la est\u00e9tica busc\u00f3 jugar con el movimiento y la ilusi\u00f3n.<\/p>\n<p>&nbsp;<\/p>\n<p>\u201cCon Gaspar nos movimos en su casa y alrededores, visitamos vecinos que pudieron apoyarnos con la presencia de ni\u00f1os, y por distintos espacios naturales y rurales. Adem\u00e1s, decidimos extendernos un d\u00eda m\u00e1s de grabaci\u00f3n por la complejidad en la formaci\u00f3n de una estructura dram\u00e1tica. Para este tercer d\u00eda se realiz\u00f3 una lectura de un texto y se desarroll\u00f3 un plan de rodaje m\u00e1s preciso con el material que cre\u00edmos podr\u00eda faltar\u201d, enfatiza Camila Miranda.<\/p>\n<p>&nbsp;<\/p>\n<p><strong>ORFEBRE \/ RODRIGO QUINTANILLA<\/strong><\/p>\n<p>&nbsp;<\/p>\n<p>El tercer entrevistado de la serie es el orfebre Rodrigo Quintanilla, la grabaci\u00f3n se llevo a cabo en el Valle de Mostazal, donde se registr\u00f3 el interior de su taller durante dos d\u00edas, y el procedimiento de una pieza completa, las m\u00faltiples etapas de trabajo y las herramientas utilizadas.<\/p>\n<p>&nbsp;<\/p>\n<p><strong>CERAMISTA \/ GISELA OLIVARES<\/strong><\/p>\n<p>&nbsp;<\/p>\n<p>Gisela Olivares es tambi\u00e9n protagonista de la serie documental, las grabaciones se llevaron a cabo en la entrada del R\u00edo Ponio y el Embalse La Paloma, primeras paradas de su labor de extracci\u00f3n de la materia prima. Luego el trabajo de filmaci\u00f3n se traslad\u00f3 hasta su taller donde se pudo conocer el procedimiento de modelado, y un peque\u00f1o taller con ni\u00f1os y ni\u00f1as.<\/p>\n<p>&nbsp;<\/p>\n<p><strong>El Proceso<\/strong><\/p>\n<p>Entre el mi\u00e9rcoles 5 y el lunes 10 de agosto, el director de la serie recorri\u00f3 los valles de Monte Patria, donde se reuni\u00f3 con cada uno de los protagonistas para\u00a0 entrevistarlos y recoger detalles de sus oficios y filosof\u00edas de vida, luego de esto pudo desarrollar un peque\u00f1o gui\u00f3n que sirvi\u00f3 como base inicial para armar la estructura de la serie.<\/p>\n<p>Desde el viernes 14 de agosto al mi\u00e9rcoles 26 de agosto se llevo a cabo el rodaje, que dio vida a las c\u00e1psulas de Arturo Varela, protagonista de los cap\u00edtulos de Teatro Esc\u00e9nico, Gaspar Quezada protagonista de Teatro M\u00e1gico, el Orfebre Rodrigo Quintanilla y la Ceramista Gisela Olivares.<\/p>\n<p>Desde el jueves 27 de agosto, el equipo dio paso al proceso de postproducci\u00f3n, el que se har\u00e1 a la par mientras semana a semana se estrena cada uno de los cap\u00edtulos.<\/p>\n","protected":false},"excerpt":{"rendered":"<p>A trav\u00e9s de 20 cap\u00edtulos y con una propuesta creativa in\u00e9dita, \u201cMonte Patria, Cultura Emergente en Situaci\u00f3n de Emergencia\u201d, busca \u00a0poner en valor el trabajo de artistas locales de diversos oficios. El estreno se llevar\u00e1 a cabo este mi\u00e9rcoles 9 de septiembre en las redes sociales. \u00a0<\/p>\n","protected":false},"author":2,"featured_media":3668,"comment_status":"open","ping_status":"open","sticky":false,"template":"","format":"standard","meta":{"footnotes":""},"categories":[5],"tags":[],"class_list":["post-3667","post","type-post","status-publish","format-standard","has-post-thumbnail","hentry","category-actualidad-limarina"],"_links":{"self":[{"href":"https:\/\/www.radiolimari.cl\/index.php?rest_route=\/wp\/v2\/posts\/3667","targetHints":{"allow":["GET"]}}],"collection":[{"href":"https:\/\/www.radiolimari.cl\/index.php?rest_route=\/wp\/v2\/posts"}],"about":[{"href":"https:\/\/www.radiolimari.cl\/index.php?rest_route=\/wp\/v2\/types\/post"}],"author":[{"embeddable":true,"href":"https:\/\/www.radiolimari.cl\/index.php?rest_route=\/wp\/v2\/users\/2"}],"replies":[{"embeddable":true,"href":"https:\/\/www.radiolimari.cl\/index.php?rest_route=%2Fwp%2Fv2%2Fcomments&post=3667"}],"version-history":[{"count":1,"href":"https:\/\/www.radiolimari.cl\/index.php?rest_route=\/wp\/v2\/posts\/3667\/revisions"}],"predecessor-version":[{"id":3669,"href":"https:\/\/www.radiolimari.cl\/index.php?rest_route=\/wp\/v2\/posts\/3667\/revisions\/3669"}],"wp:featuredmedia":[{"embeddable":true,"href":"https:\/\/www.radiolimari.cl\/index.php?rest_route=\/wp\/v2\/media\/3668"}],"wp:attachment":[{"href":"https:\/\/www.radiolimari.cl\/index.php?rest_route=%2Fwp%2Fv2%2Fmedia&parent=3667"}],"wp:term":[{"taxonomy":"category","embeddable":true,"href":"https:\/\/www.radiolimari.cl\/index.php?rest_route=%2Fwp%2Fv2%2Fcategories&post=3667"},{"taxonomy":"post_tag","embeddable":true,"href":"https:\/\/www.radiolimari.cl\/index.php?rest_route=%2Fwp%2Fv2%2Ftags&post=3667"}],"curies":[{"name":"wp","href":"https:\/\/api.w.org\/{rel}","templated":true}]}}