{"id":3663,"date":"2020-09-09T14:14:28","date_gmt":"2020-09-09T14:14:28","guid":{"rendered":"http:\/\/www.radiolimari.cl\/?p=3663"},"modified":"2020-09-09T14:15:14","modified_gmt":"2020-09-09T14:15:14","slug":"alza-de-precio-del-tomate-marca-ipc-de-agosto","status":"publish","type":"post","link":"https:\/\/www.radiolimari.cl\/?p=3663","title":{"rendered":"Alza de precio del tomate marca IPC de agosto"},"content":{"rendered":"<p><a href=\"https:\/\/www.radiolimari.cl\/wp-content\/uploads\/2020\/09\/9.09-IPC-AGOSTO.jpg\"><img fetchpriority=\"high\" decoding=\"async\" class=\"alignnone size-medium wp-image-3664\" src=\"https:\/\/www.radiolimari.cl\/wp-content\/uploads\/2020\/09\/9.09-IPC-AGOSTO-300x225.jpg\" alt=\"9.09 IPC AGOSTO\" width=\"300\" height=\"225\" srcset=\"https:\/\/www.radiolimari.cl\/wp-content\/uploads\/2020\/09\/9.09-IPC-AGOSTO-300x225.jpg 300w, https:\/\/www.radiolimari.cl\/wp-content\/uploads\/2020\/09\/9.09-IPC-AGOSTO.jpg 960w\" sizes=\"(max-width: 300px) 100vw, 300px\" \/><\/a><\/p>\n<p>Seg\u00fan la informaci\u00f3n entregada por el Instituto Nacional de Estad\u00edsticas, correspondiente al \u00cdndice de Precio al Consumidor (IPC), del mes de agosto, frutas y verduras presentaron una variaci\u00f3n mensual de 0,3%, acumulando en los \u00faltimos 12 meses una variaci\u00f3n de 12,6% y un 6,5% en lo que va del a\u00f1o<!--more--><\/p>\n<p>A nivel de productos, el precio de la carne de pollo anot\u00f3 un aumento mensual de 2,8% y de 1,0% en lo que va del a\u00f1o. A su vez, el tomate registr\u00f3 un alza mensual de 6,6%. Alzas de precios que en este tipo de productos son caracter\u00edsticas, ya que el abastecimiento proviene mayoritariamente de Arica y en menor medida de Coquimbo.<\/p>\n<p>\u201cDurante el mes de agosto se observ\u00f3 una ca\u00edda de la oferta proveniente de la Regi\u00f3n de Coquimbo y un aumento de la oferta proveniente de Arica. Ejemplo de aquellos es el precio del piment\u00f3n que anot\u00f3 un alza mensual de 20,3%\u201d, coment\u00f3 el Seremi de Agricultura, Rodrigo \u00d3rdenes.<\/p>\n<p>El titular de la cartera del agro, aseguro que, si bien hay productos que presentan una variaci\u00f3n, como el tomate, son propias de la estaci\u00f3n, \u201cEn primer lugar es importante se\u00f1alar que esta variaci\u00f3n de precios en el mes de agosto est\u00e1 dentro de los par\u00e1metros esperados, como ha sido la t\u00f3nica en estos \u00faltimos meses las frutas y verduras vuelven a presentar un alza, la que principalmente se debe a la estacionalidad de algunos productos\u201d, coment\u00f3.<\/p>\n<p>Por otra parte, el \u00edndice anal\u00edtico de alimentos present\u00f3 algunas bajas de precios en productos determinados, como lo es el caso del lim\u00f3n que tuvo una variaci\u00f3n de un -21,9% y la zanahoria disminuyendo su valor en un -3,9%.<\/p>\n","protected":false},"excerpt":{"rendered":"<p>Seg\u00fan la informaci\u00f3n entregada por el Instituto Nacional de Estad\u00edsticas, correspondiente al \u00cdndice de Precio al Consumidor (IPC), del mes de agosto, frutas y verduras presentaron una variaci\u00f3n mensual de 0,3%, acumulando en los \u00faltimos 12 meses una variaci\u00f3n de 12,6% y un 6,5% en lo que va del a\u00f1o<\/p>\n","protected":false},"author":2,"featured_media":3664,"comment_status":"open","ping_status":"open","sticky":false,"template":"","format":"standard","meta":{"footnotes":""},"categories":[6],"tags":[],"class_list":["post-3663","post","type-post","status-publish","format-standard","has-post-thumbnail","hentry","category-regionales"],"_links":{"self":[{"href":"https:\/\/www.radiolimari.cl\/index.php?rest_route=\/wp\/v2\/posts\/3663","targetHints":{"allow":["GET"]}}],"collection":[{"href":"https:\/\/www.radiolimari.cl\/index.php?rest_route=\/wp\/v2\/posts"}],"about":[{"href":"https:\/\/www.radiolimari.cl\/index.php?rest_route=\/wp\/v2\/types\/post"}],"author":[{"embeddable":true,"href":"https:\/\/www.radiolimari.cl\/index.php?rest_route=\/wp\/v2\/users\/2"}],"replies":[{"embeddable":true,"href":"https:\/\/www.radiolimari.cl\/index.php?rest_route=%2Fwp%2Fv2%2Fcomments&post=3663"}],"version-history":[{"count":2,"href":"https:\/\/www.radiolimari.cl\/index.php?rest_route=\/wp\/v2\/posts\/3663\/revisions"}],"predecessor-version":[{"id":3666,"href":"https:\/\/www.radiolimari.cl\/index.php?rest_route=\/wp\/v2\/posts\/3663\/revisions\/3666"}],"wp:featuredmedia":[{"embeddable":true,"href":"https:\/\/www.radiolimari.cl\/index.php?rest_route=\/wp\/v2\/media\/3664"}],"wp:attachment":[{"href":"https:\/\/www.radiolimari.cl\/index.php?rest_route=%2Fwp%2Fv2%2Fmedia&parent=3663"}],"wp:term":[{"taxonomy":"category","embeddable":true,"href":"https:\/\/www.radiolimari.cl\/index.php?rest_route=%2Fwp%2Fv2%2Fcategories&post=3663"},{"taxonomy":"post_tag","embeddable":true,"href":"https:\/\/www.radiolimari.cl\/index.php?rest_route=%2Fwp%2Fv2%2Ftags&post=3663"}],"curies":[{"name":"wp","href":"https:\/\/api.w.org\/{rel}","templated":true}]}}