{"id":3633,"date":"2020-09-07T14:08:27","date_gmt":"2020-09-07T14:08:27","guid":{"rendered":"http:\/\/www.radiolimari.cl\/?p=3633"},"modified":"2020-09-07T14:23:52","modified_gmt":"2020-09-07T14:23:52","slug":"municipalidad-de-rio-saluda-y-reconoce-a-funcionarios-en-el-dia-de-la-atencion-primaria-de-salud","status":"publish","type":"post","link":"https:\/\/www.radiolimari.cl\/?p=3633","title":{"rendered":"MUNICIPALIDAD DE R\u00cdO HURTADO SALUDA Y  RECONOCE LABOR DE FUNCIONARIOS  EN EL \u201cD\u00cdA DE LA ATENCI\u00d3N PRIMARIA DE SALUD."},"content":{"rendered":"<p><a href=\"https:\/\/www.radiolimari.cl\/wp-content\/uploads\/2020\/09\/centro-de-salud-de-Pichasca.jpg\"><img fetchpriority=\"high\" decoding=\"async\" class=\"alignnone size-medium wp-image-3634\" src=\"https:\/\/www.radiolimari.cl\/wp-content\/uploads\/2020\/09\/centro-de-salud-de-Pichasca-300x199.jpg\" alt=\"centro de salud de Pichasca\" width=\"300\" height=\"199\" srcset=\"https:\/\/www.radiolimari.cl\/wp-content\/uploads\/2020\/09\/centro-de-salud-de-Pichasca-300x199.jpg 300w, https:\/\/www.radiolimari.cl\/wp-content\/uploads\/2020\/09\/centro-de-salud-de-Pichasca.jpg 512w\" sizes=\"(max-width: 300px) 100vw, 300px\" \/><\/a><\/p>\n<p><span style=\"color: #050505;\">Cada 6 de septiembre se celebra el D\u00eda de la Atenci\u00f3n Primaria de Salud, APS, en nuestro pa\u00eds, por lo que el Municipio de R\u00edo Hurtado saluda a todos los funcionarios de los equipos de salud de la comuna, destacando el esfuerzo entregado d\u00eda a d\u00eda por dignificar la labor.<\/span><!--more--><\/p>\n<div class=\"o9v6fnle cxmmr5t8 oygrvhab hcukyx3x c1et5uql ii04i59q\">\n<div dir=\"auto\">El alcalde, Gary Valenzuela Rojas, quiere manifestar su agradecimiento a la labor de los funcionarios manifestando que \u201ccomo autoridad se siente muy contento del compromiso de los profesionales de la salud\u201d, en ese sentido, el Alcalde coment\u00f3 que \u201cen el d\u00eda de la Atenci\u00f3n Primaria, quiero enviar un afectuoso saludo a todos nuestros funcionarios y funcionarias, a todos quienes desde el Centro de Salud familiar o las Postas, en las diferentes \u00e1reas, han tenido un rol fundamental para combatir la pandemia que nos afecta a nivel mundial y tambi\u00e9n ac\u00e1 en nuestra comuna de R\u00edo Hurtado\u201d<\/div>\n<\/div>\n<div class=\"o9v6fnle cxmmr5t8 oygrvhab hcukyx3x c1et5uql ii04i59q\">\n<div dir=\"auto\">El Edil en su mensaje tambi\u00e9n expres\u00f3 que \u201cComo Municipio trabajamos a diario para seguir avanzando en materias de salud de manera de otorgar una atenci\u00f3n equitativa y de calidad, centrada en las personas y sus familias de la comuna, es por esto que hasta la fecha hemos repuesto el Centro de Salud, la totalidad de las Postas y prontamente quedar\u00e1n terminadas las reposiciones de las Estaciones M\u00e9dicas para brindar una c\u00f3moda atenci\u00f3n a los pacientes, como as\u00ed tambi\u00e9n un lugar m\u00e1s acorde a labor que ah\u00ed se realiza.<\/div>\n<\/div>\n<div class=\"o9v6fnle cxmmr5t8 oygrvhab hcukyx3x c1et5uql ii04i59q\">\n<div dir=\"auto\">Un poco de Historia<\/div>\n<div dir=\"auto\">Un 6 de Septiembre, en el a\u00f1o 1978, en Alma Ata, Rusia, autoridades de salud del mundo se convocaron en Conferencia Mundial para abordar la problem\u00e1tica de salud en el mundo y definir las l\u00edneas de acci\u00f3n orientadas a enfrentarla y construir pol\u00edticas de salud sustentadas en la Atenci\u00f3n Primaria como estrategia prioritaria, por ser ese el \u00fanico camino posible de cara a resolver los desaf\u00edos sanitarios del futuro.<\/div>\n<\/div>\n<div class=\"o9v6fnle cxmmr5t8 oygrvhab hcukyx3x c1et5uql ii04i59q\">\n<div dir=\"auto\">Hoy a cuarenta y dos a\u00f1os de dicha declaraci\u00f3n, sus contenidos tienen incluso mayor validez que en la \u00e9poca de su nacimiento. Ya nadie puede, honestamente, desconocer que la salud constituye en derecho humano esencial y que es una obligaci\u00f3n del Estado crear las condiciones exigidas para que toda persona acceda a la mejor salud que su pa\u00eds pueda dar, sin consideraciones discriminatorias de ninguna \u00edndole.<\/div>\n<\/div>\n<div class=\"o9v6fnle cxmmr5t8 oygrvhab hcukyx3x c1et5uql ii04i59q\">\n<div dir=\"auto\">Por \u00faltimo el Alcalde Gary Valenzuela, destac\u00f3 que \u201cLa labor de los profesionales de la salud es una tarea dif\u00edcil, no es f\u00e1cil la pandemia, pero con el esfuerzo de todos vamos a salir adelante\u00bb.<\/div>\n<\/div>\n<div class=\"o9v6fnle cxmmr5t8 oygrvhab hcukyx3x c1et5uql ii04i59q\">\n<div dir=\"auto\">Felicidades a cada uno de los trabajadores de la Atenci\u00f3n Primaria de Salud de R\u00edo Hurtado.<\/div>\n<\/div>\n","protected":false},"excerpt":{"rendered":"<p>Cada 6 de septiembre se celebra el D\u00eda de la Atenci\u00f3n Primaria de Salud, APS, en nuestro pa\u00eds, por lo que el Municipio de R\u00edo Hurtado saluda a todos los funcionarios de los equipos de salud de la comuna, destacando el esfuerzo entregado d\u00eda a d\u00eda por dignificar la labor.<\/p>\n","protected":false},"author":2,"featured_media":3634,"comment_status":"open","ping_status":"open","sticky":false,"template":"","format":"standard","meta":{"footnotes":""},"categories":[5],"tags":[],"class_list":["post-3633","post","type-post","status-publish","format-standard","has-post-thumbnail","hentry","category-actualidad-limarina"],"_links":{"self":[{"href":"https:\/\/www.radiolimari.cl\/index.php?rest_route=\/wp\/v2\/posts\/3633","targetHints":{"allow":["GET"]}}],"collection":[{"href":"https:\/\/www.radiolimari.cl\/index.php?rest_route=\/wp\/v2\/posts"}],"about":[{"href":"https:\/\/www.radiolimari.cl\/index.php?rest_route=\/wp\/v2\/types\/post"}],"author":[{"embeddable":true,"href":"https:\/\/www.radiolimari.cl\/index.php?rest_route=\/wp\/v2\/users\/2"}],"replies":[{"embeddable":true,"href":"https:\/\/www.radiolimari.cl\/index.php?rest_route=%2Fwp%2Fv2%2Fcomments&post=3633"}],"version-history":[{"count":4,"href":"https:\/\/www.radiolimari.cl\/index.php?rest_route=\/wp\/v2\/posts\/3633\/revisions"}],"predecessor-version":[{"id":3641,"href":"https:\/\/www.radiolimari.cl\/index.php?rest_route=\/wp\/v2\/posts\/3633\/revisions\/3641"}],"wp:featuredmedia":[{"embeddable":true,"href":"https:\/\/www.radiolimari.cl\/index.php?rest_route=\/wp\/v2\/media\/3634"}],"wp:attachment":[{"href":"https:\/\/www.radiolimari.cl\/index.php?rest_route=%2Fwp%2Fv2%2Fmedia&parent=3633"}],"wp:term":[{"taxonomy":"category","embeddable":true,"href":"https:\/\/www.radiolimari.cl\/index.php?rest_route=%2Fwp%2Fv2%2Fcategories&post=3633"},{"taxonomy":"post_tag","embeddable":true,"href":"https:\/\/www.radiolimari.cl\/index.php?rest_route=%2Fwp%2Fv2%2Ftags&post=3633"}],"curies":[{"name":"wp","href":"https:\/\/api.w.org\/{rel}","templated":true}]}}