{"id":3629,"date":"2020-09-07T13:04:35","date_gmt":"2020-09-07T13:04:35","guid":{"rendered":"http:\/\/www.radiolimari.cl\/?p=3629"},"modified":"2020-09-07T13:04:35","modified_gmt":"2020-09-07T13:04:35","slug":"seremi-ivon-guerra-destaca-nueva-ley-que-elimina-discriminacion-contra-las-mujeres-para-contraer-segundas-nupcias","status":"publish","type":"post","link":"https:\/\/www.radiolimari.cl\/?p=3629","title":{"rendered":"Seremi Iv\u00f3n Guerra destaca nueva Ley que elimina discriminaci\u00f3n contra las mujeres para contraer segundas nupcias"},"content":{"rendered":"<p><a href=\"https:\/\/www.radiolimari.cl\/wp-content\/uploads\/2020\/09\/7.09-sernameg.jpg\"><img fetchpriority=\"high\" decoding=\"async\" class=\"alignnone size-medium wp-image-3631\" src=\"https:\/\/www.radiolimari.cl\/wp-content\/uploads\/2020\/09\/7.09-sernameg-300x225.jpg\" alt=\"7.09 sernameg\" width=\"300\" height=\"225\" srcset=\"https:\/\/www.radiolimari.cl\/wp-content\/uploads\/2020\/09\/7.09-sernameg-300x225.jpg 300w, https:\/\/www.radiolimari.cl\/wp-content\/uploads\/2020\/09\/7.09-sernameg-1024x768.jpg 1024w\" sizes=\"(max-width: 300px) 100vw, 300px\" \/><\/a><\/p>\n<p>&nbsp;<\/p>\n<p>Hace unos d\u00edas el Presidente de la Rep\u00fablica, Sebasti\u00e1n Pi\u00f1era junto a la Ministra de la Mujer y la Equidad de G\u00e9nero, M\u00f3nica Zalaquett y otras autoridades, promulg\u00f3 la a ley que modifica el C\u00f3digo Civil para suprimir el impedimento de las mujeres para contraer segundas nupcias antes de un plazo de 270 d\u00edas desde el t\u00e9rmino del primer matrimonio.<!--more--><\/p>\n<p>Con esto, se deroga la norma que proh\u00edbe a la mujer embarazada, cuyo matrimonio ha sido disuelto o declarado nulo, volver a casarse antes del parto o de los 270 d\u00edas subsiguientes al t\u00e9rmino de la relaci\u00f3n matrimonial, si no hay se\u00f1ales de embarazo y elimina el impedimento que afecta a la mujer que quiera contraer matrimonio cuando haya expirado el acuerdo de uni\u00f3n civil.<\/p>\n<p>La iniciativa forma parte de la Agenda Mujer, que fue presentada por el Presidente en 2018 para avanzar hacia la plena igualdad de derechos, deberes y oportunidades. Adem\u00e1s, el Jefe de Estado tambi\u00e9n destac\u00f3 la publicaci\u00f3n en el Diario Oficial de la ley que permite el trabajo a distancia para trabajadoras embarazadas bajo pandemia.<\/p>\n<p>Ante esta situaci\u00f3n, la seremi de la Mujer y la Equidad de G\u00e9nero, Iv\u00f3n Guerra valor\u00f3 la nueva Ley que termina con una norma discriminatoria que rigi\u00f3 por m\u00e1s de 160 a\u00f1os en el pa\u00eds, <strong>\u201ceste es un importante paso en la equidad de g\u00e9nero. Nuestro Ministerio trabaja sin descanso en la igualdad de derechos entre hombres y mujeres, velando por la eliminaci\u00f3n de cualquier tipo de discriminaci\u00f3n contra nuestro g\u00e9nero y eso es justamente lo que hace esta ley\u201d.<\/strong><\/p>\n<p>Asimismo, Guerra destac\u00f3 el avance de la Agenda Mujer que lidera el actual Gobierno, <strong>\u201ceste es otro avance de nuestra Agenda Mujer presentada y comprometida por el Presidente Pi\u00f1era en Mayo de 2018. En total 22 compromisos que ya van en un 62% de cumplimento. Seguiremos impulsando leyes e iniciativas que nos permitan seguir construyendo un mejor pa\u00eds, con mayor igualdad y respeto entre hombres y mujeres\u00bb<\/strong><\/p>\n<p>Desde su anuncio, la Agenda Mujer se ha convertido en una de las prioridades para el Gobierno. Entre las iniciativas que ya han sido aprobadas destacan las leyes que aseguran y garantizan el fuero maternal para las mujeres integrantes de fuerzas armadas y de orden; el derecho a la lactancia libre de las mujeres; para compatibilizar mejor el mundo del trabajo con el mundo de la familia, buscando horarios m\u00e1s flexibles y facilitando el teletrabajo, e iniciativas para fortalecer la protecci\u00f3n de las v\u00edctimas de \u201cviolencia intrafamiliar\u201d.<\/p>\n<p>A la fecha, el 62% de las iniciativas ya est\u00e1n plenamente terminadas, mientras que el 23% est\u00e1 en tramitaci\u00f3n y el 15% en proceso<\/p>\n","protected":false},"excerpt":{"rendered":"<p>&nbsp; Hace unos d\u00edas el Presidente de la Rep\u00fablica, Sebasti\u00e1n Pi\u00f1era junto a la Ministra de la Mujer y la Equidad de G\u00e9nero, M\u00f3nica Zalaquett y otras autoridades, promulg\u00f3 la a ley que modifica el C\u00f3digo Civil para suprimir el impedimento de las mujeres para contraer segundas nupcias antes de un plazo de 270 d\u00edas &#8230;<\/p>\n","protected":false},"author":2,"featured_media":3631,"comment_status":"open","ping_status":"open","sticky":false,"template":"","format":"standard","meta":{"footnotes":""},"categories":[6],"tags":[],"class_list":["post-3629","post","type-post","status-publish","format-standard","has-post-thumbnail","hentry","category-regionales"],"_links":{"self":[{"href":"https:\/\/www.radiolimari.cl\/index.php?rest_route=\/wp\/v2\/posts\/3629","targetHints":{"allow":["GET"]}}],"collection":[{"href":"https:\/\/www.radiolimari.cl\/index.php?rest_route=\/wp\/v2\/posts"}],"about":[{"href":"https:\/\/www.radiolimari.cl\/index.php?rest_route=\/wp\/v2\/types\/post"}],"author":[{"embeddable":true,"href":"https:\/\/www.radiolimari.cl\/index.php?rest_route=\/wp\/v2\/users\/2"}],"replies":[{"embeddable":true,"href":"https:\/\/www.radiolimari.cl\/index.php?rest_route=%2Fwp%2Fv2%2Fcomments&post=3629"}],"version-history":[{"count":1,"href":"https:\/\/www.radiolimari.cl\/index.php?rest_route=\/wp\/v2\/posts\/3629\/revisions"}],"predecessor-version":[{"id":3632,"href":"https:\/\/www.radiolimari.cl\/index.php?rest_route=\/wp\/v2\/posts\/3629\/revisions\/3632"}],"wp:featuredmedia":[{"embeddable":true,"href":"https:\/\/www.radiolimari.cl\/index.php?rest_route=\/wp\/v2\/media\/3631"}],"wp:attachment":[{"href":"https:\/\/www.radiolimari.cl\/index.php?rest_route=%2Fwp%2Fv2%2Fmedia&parent=3629"}],"wp:term":[{"taxonomy":"category","embeddable":true,"href":"https:\/\/www.radiolimari.cl\/index.php?rest_route=%2Fwp%2Fv2%2Fcategories&post=3629"},{"taxonomy":"post_tag","embeddable":true,"href":"https:\/\/www.radiolimari.cl\/index.php?rest_route=%2Fwp%2Fv2%2Ftags&post=3629"}],"curies":[{"name":"wp","href":"https:\/\/api.w.org\/{rel}","templated":true}]}}