{"id":3627,"date":"2020-09-06T23:45:27","date_gmt":"2020-09-06T23:45:27","guid":{"rendered":"http:\/\/www.radiolimari.cl\/?p=3627"},"modified":"2020-09-06T23:45:27","modified_gmt":"2020-09-06T23:45:27","slug":"alcalde-de-ovalle-claudio-renteria-agradecemos-que-el-gobierno-haya-acogido-nuestro-llamado-porque-con-esta-decision-se-evitaran-nuevos-brotes-de-covid-19","status":"publish","type":"post","link":"https:\/\/www.radiolimari.cl\/?p=3627","title":{"rendered":"ALCALDE DE OVALLE, CLAUDIO RENTER\u00cdA: \u201cAgradecemos que el Gobierno haya acogido nuestro llamado, porque con esta decisi\u00f3n se evitar\u00e1n nuevos brotes de Covid-19\u201d"},"content":{"rendered":"<p><a href=\"https:\/\/www.radiolimari.cl\/wp-content\/uploads\/2020\/09\/3.09-Alcalde-de-Ovalle.jpg\"><img fetchpriority=\"high\" decoding=\"async\" class=\"alignnone size-medium wp-image-3619\" src=\"https:\/\/www.radiolimari.cl\/wp-content\/uploads\/2020\/09\/3.09-Alcalde-de-Ovalle-300x225.jpg\" alt=\"3.09 Alcalde de Ovalle\" width=\"300\" height=\"225\" srcset=\"https:\/\/www.radiolimari.cl\/wp-content\/uploads\/2020\/09\/3.09-Alcalde-de-Ovalle-300x225.jpg 300w, https:\/\/www.radiolimari.cl\/wp-content\/uploads\/2020\/09\/3.09-Alcalde-de-Ovalle-1024x768.jpg 1024w\" sizes=\"(max-width: 300px) 100vw, 300px\" \/><\/a><\/p>\n<p><strong><em>La autoridad comunal manifest\u00f3 su satisfacci\u00f3n frente a la decisi\u00f3n anunciada hoy, que deja sin efecto los permisos de Fiestas Patrias para las comunas que se mantienen en cuarentena. Recordemos, que hace unos d\u00edas los alcaldes de Ovalle, La Serena y Coquimbo entregaron una carta solicitando revocar la medida en las zonas que se encuentran en Fase 1.<\/em><\/strong><!--more--><\/p>\n<p>No habr\u00e1 permisos de Fiestas Patrias para las comunas que se encuentran en cuarentena. As\u00ed se anunci\u00f3 hoy durante la transmisi\u00f3n del balance diario de salud, indicando que despu\u00e9s de analizar la medida se dejar\u00e1n sin efecto los permisos de 6 horas por los d\u00edas 18, 19 y 20 de septiembre, en las zonas que est\u00e1n en la denominada Fase 1 del plan Paso a Paso del Gobierno.<\/p>\n<p>El alcalde de Ovalle, Claudio Renter\u00eda, indic\u00f3 que esta decisi\u00f3n permitir\u00e1 seguir con el trabajo y el esfuerzo \u201cde todos quienes d\u00eda a d\u00eda luchamos para levantar la cuarentena. Agradecemos que las autoridades hayan acogido nuestro llamado, porque con esta decisi\u00f3n se evitar\u00e1n nuevos brotes de Covid-19 en la comuna\u201d.<\/p>\n<p>Recordemos, que hace unos d\u00edas, los alcaldes de Ovalle, La Serena y Coquimbo entregaron una carta en la Intendencia Regional, en la que manifestaron su rechazo a la iniciativa de Fiestas Patrias, argumentando que ser\u00eda un retroceso en todo el trabajo efectuado por el personal de Salud, de Ej\u00e9rcito, Carabineros, PDI y de la propia comunidad.<\/p>\n<p>\u201cNo pod\u00edamos echar por la borda todo el esfuerzo realizado desde marzo, el que reforzamos con nuevas medidas desde el pasado 21 de agosto, fecha a partir de la cual entramos en cuarentena\u201d, afirm\u00f3 Renter\u00eda. La autoridad agreg\u00f3 que \u201cera muy necesario revocar esta medida, pues es la forma adecuada para ir trabajando paso a paso para salir de la Fase 1, que es lo que todos esperamos\u201d.<\/p>\n<p>&nbsp;<\/p>\n","protected":false},"excerpt":{"rendered":"<p>La autoridad comunal manifest\u00f3 su satisfacci\u00f3n frente a la decisi\u00f3n anunciada hoy, que deja sin efecto los permisos de Fiestas Patrias para las comunas que se mantienen en cuarentena. Recordemos, que hace unos d\u00edas los alcaldes de Ovalle, La Serena y Coquimbo entregaron una carta solicitando revocar la medida en las zonas que se encuentran &#8230;<\/p>\n","protected":false},"author":2,"featured_media":3619,"comment_status":"open","ping_status":"open","sticky":false,"template":"","format":"standard","meta":{"footnotes":""},"categories":[5],"tags":[],"class_list":["post-3627","post","type-post","status-publish","format-standard","has-post-thumbnail","hentry","category-actualidad-limarina"],"_links":{"self":[{"href":"https:\/\/www.radiolimari.cl\/index.php?rest_route=\/wp\/v2\/posts\/3627","targetHints":{"allow":["GET"]}}],"collection":[{"href":"https:\/\/www.radiolimari.cl\/index.php?rest_route=\/wp\/v2\/posts"}],"about":[{"href":"https:\/\/www.radiolimari.cl\/index.php?rest_route=\/wp\/v2\/types\/post"}],"author":[{"embeddable":true,"href":"https:\/\/www.radiolimari.cl\/index.php?rest_route=\/wp\/v2\/users\/2"}],"replies":[{"embeddable":true,"href":"https:\/\/www.radiolimari.cl\/index.php?rest_route=%2Fwp%2Fv2%2Fcomments&post=3627"}],"version-history":[{"count":1,"href":"https:\/\/www.radiolimari.cl\/index.php?rest_route=\/wp\/v2\/posts\/3627\/revisions"}],"predecessor-version":[{"id":3628,"href":"https:\/\/www.radiolimari.cl\/index.php?rest_route=\/wp\/v2\/posts\/3627\/revisions\/3628"}],"wp:featuredmedia":[{"embeddable":true,"href":"https:\/\/www.radiolimari.cl\/index.php?rest_route=\/wp\/v2\/media\/3619"}],"wp:attachment":[{"href":"https:\/\/www.radiolimari.cl\/index.php?rest_route=%2Fwp%2Fv2%2Fmedia&parent=3627"}],"wp:term":[{"taxonomy":"category","embeddable":true,"href":"https:\/\/www.radiolimari.cl\/index.php?rest_route=%2Fwp%2Fv2%2Fcategories&post=3627"},{"taxonomy":"post_tag","embeddable":true,"href":"https:\/\/www.radiolimari.cl\/index.php?rest_route=%2Fwp%2Fv2%2Ftags&post=3627"}],"curies":[{"name":"wp","href":"https:\/\/api.w.org\/{rel}","templated":true}]}}