{"id":3621,"date":"2020-09-03T20:53:10","date_gmt":"2020-09-03T20:53:10","guid":{"rendered":"http:\/\/www.radiolimari.cl\/?p=3621"},"modified":"2020-09-03T20:53:10","modified_gmt":"2020-09-03T20:53:10","slug":"pequenos-y-medianos-emprendedores-de-la-region-conocen-medidas-de-apoyo-del-plan-paso-a-paso-chile-se-recupera","status":"publish","type":"post","link":"https:\/\/www.radiolimari.cl\/?p=3621","title":{"rendered":"Peque\u00f1os y medianos emprendedores de la regi\u00f3n conocen medidas de apoyo del Plan Paso a Paso Chile se Recupera"},"content":{"rendered":"<p><a href=\"https:\/\/www.radiolimari.cl\/wp-content\/uploads\/2020\/09\/3.09-economia.jpg\"><img fetchpriority=\"high\" decoding=\"async\" class=\"alignnone size-medium wp-image-3622\" src=\"https:\/\/www.radiolimari.cl\/wp-content\/uploads\/2020\/09\/3.09-economia-300x225.jpg\" alt=\"3.09 economia\" width=\"300\" height=\"225\" srcset=\"https:\/\/www.radiolimari.cl\/wp-content\/uploads\/2020\/09\/3.09-economia-300x225.jpg 300w, https:\/\/www.radiolimari.cl\/wp-content\/uploads\/2020\/09\/3.09-economia.jpg 1024w\" sizes=\"(max-width: 300px) 100vw, 300px\" \/><\/a><\/p>\n<p><strong>A trav\u00e9s de cuatro ejes centrales, presentados por el Presidente Sebasti\u00e1n Pi\u00f1era, se apunta a la recuperaci\u00f3n econ\u00f3mica y generaci\u00f3n de puestos de trabajo mediante el potenciamiento de las Pymes<\/strong><!--more--><\/p>\n<p>Una serie de medidas dio a conocer esta semana por el Presidente Sebasti\u00e1n Pi\u00f1era para apoyar directamente a las peque\u00f1as y medianas empresas de Chile a trav\u00e9s del Plan Paso a Paso Chile Se Recupera, en medio del complejo panorama econ\u00f3mico generado por la pandemia de COVID-19.<\/p>\n<p>&nbsp;<\/p>\n<p>Se trata de apoyos tributarios, fomento de pymes, facilidades para el re emprendimiento y la instalaci\u00f3n de mesas de trabajo, explicados en detalle por el Gobernador de Elqui, Gonzalo Chac\u00f3n; el seremi de Econom\u00eda, Carlos Lillo; y la Asesora Regional Ministerial de Hacienda, Karen Leichtle a un grupo de emprendedores de Elqui, Limar\u00ed y Choapa.<\/p>\n<p>&nbsp;<\/p>\n<p>\u00ab<strong>El 90% de las empresas presentes en la Regi\u00f3n de Coquimbo son PYMES que lo est\u00e1n pasando muy mal en esta pandemia, y es por eso que el Gobierno del Presidente Pi\u00f1era est\u00e1 trabajando incansablemente en reactivar la econom\u00eda, brind\u00e1ndoles apoyo y generando empleo para mejorar as\u00ed la calidad de vida de todos los trabajadores de las tres provincias\u00bb, <\/strong>dijo el Gobernador de Elqui, Gonzalo Chac\u00f3n tras la reuni\u00f3n realizada por videoconferencia.<\/p>\n<p>&nbsp;<\/p>\n<p>Una de tantas unstancias p\u00fablico- privadas que se han sostenido durante los \u00faltimos meses con distintos gremios y sectores productivos, tanto en busca de medios de apoyo y trabajo conjunto para enfrentar este complejo escenario, como pensando en la reapertura de locales una vez que las condiciones sanitarias lo permitan.<\/p>\n<p>&nbsp;<\/p>\n<p>Al respecto, el Seremi de Econom\u00eda, Carlos Lillo se\u00f1al\u00f3 que <strong>\u201cdentro del plan Paso a Paso Chile se Recupera existe un eje espec\u00edfico de apoyo a las pymes, y nos pone muy contentos ac\u00e1 en la regi\u00f3n, porque junto a la Intendenta hemos venido haciendo un trabajo importante con las micro, peque\u00f1as y medianas empresas. Hoy nos reunimos directamente con emprendedores, y no con representantes, porque necesitamos destacar el empuje de cada uno de ellos, que representan el esp\u00edritu de quien quiere salir adelante, lo que se puede hacer, adem\u00e1s, tomando las ayudas que estamos dando a conocer como Gobierno\u201d. <\/strong><\/p>\n<p><strong>\u00a0<\/strong><\/p>\n<p>En materia de fomento, una de las medidas consideradas es el Cr\u00e9dito FOGAPE-COVID, que busca que las Pymes tengan acceso a capital de trabajo. Una herramienta que en la Regi\u00f3n de Coquimbo ha beneficiado a 9.132 peque\u00f1as y medianas empresas.<\/p>\n<p>Adem\u00e1s, a trav\u00e9s de SERCOTEC, se han destinado m\u00e1s de 5 millones de d\u00f3lares entre 1.233 pymes, a trav\u00e9s del programa REACT\u00cdVATE en sus l\u00edneas de turismo, FNDR y multisectorial, mientras que mediante CORFO se est\u00e1 apoyando a 149 Pymes de la regi\u00f3n con el Programa de Apoyo a la Reactivaci\u00f3n, ejecutando proyectos de innovaci\u00f3n y emprendimiento por 510 millones de d\u00f3lares.<\/p>\n<p>&nbsp;<\/p>\n<p>Sobre las medidas de tipo tributario, la Asesora Regional Ministerial de Hacienda, Karen Leichtle, detall\u00f3 que <strong>\u201cel fuerte de las medidas que se est\u00e1n presentando es en parte dar un alivio tributario a las empresas, tratando de no aumentar el endeudamiento en caso de que no puedan pagar, por eso, por ejemplo, se hacen las postergaciones, pensando en que generen liquidez para que tengan una reactivaci\u00f3n m\u00e1s r\u00e1pida\u201d.<\/strong><\/p>\n<p>&nbsp;<\/p>\n<p>Para esto, mediante una ley se ha permitido la rebaja del Impuesto de Primera Categor\u00eda del R\u00e9gimen ProPyme de 25% a 10% hasta 2022, siendo el impuesto m\u00e1s bajo para las pymes de los \u00faltimos 30 a\u00f1os. Adem\u00e1s, la misma ley considera la reducci\u00f3n de la tasa de Pagos Provisionales Mensuales y la devoluci\u00f3n del cr\u00e9dito fiscal IVA para las pymes afectadas por la ca\u00edda en sus ventas.<\/p>\n<p>&nbsp;<\/p>\n<p>Adicionalmente, se generar\u00e1n instancias de asistencia t\u00e9cnica para que las Pymes vayan hacia la transformaci\u00f3n digital, esto a trav\u00e9s de iniciativas como Pymes de Barrio, Despega Pyme, Pymes en L\u00ednea, Elijo Pymes, y que en todo el pa\u00eds han beneficiado a 106 mil Pymes.<\/p>\n<p>&nbsp;<\/p>\n<p>&nbsp;<\/p>\n","protected":false},"excerpt":{"rendered":"<p>A trav\u00e9s de cuatro ejes centrales, presentados por el Presidente Sebasti\u00e1n Pi\u00f1era, se apunta a la recuperaci\u00f3n econ\u00f3mica y generaci\u00f3n de puestos de trabajo mediante el potenciamiento de las Pymes<\/p>\n","protected":false},"author":2,"featured_media":3622,"comment_status":"open","ping_status":"open","sticky":false,"template":"","format":"standard","meta":{"footnotes":""},"categories":[6],"tags":[],"class_list":["post-3621","post","type-post","status-publish","format-standard","has-post-thumbnail","hentry","category-regionales"],"_links":{"self":[{"href":"https:\/\/www.radiolimari.cl\/index.php?rest_route=\/wp\/v2\/posts\/3621","targetHints":{"allow":["GET"]}}],"collection":[{"href":"https:\/\/www.radiolimari.cl\/index.php?rest_route=\/wp\/v2\/posts"}],"about":[{"href":"https:\/\/www.radiolimari.cl\/index.php?rest_route=\/wp\/v2\/types\/post"}],"author":[{"embeddable":true,"href":"https:\/\/www.radiolimari.cl\/index.php?rest_route=\/wp\/v2\/users\/2"}],"replies":[{"embeddable":true,"href":"https:\/\/www.radiolimari.cl\/index.php?rest_route=%2Fwp%2Fv2%2Fcomments&post=3621"}],"version-history":[{"count":1,"href":"https:\/\/www.radiolimari.cl\/index.php?rest_route=\/wp\/v2\/posts\/3621\/revisions"}],"predecessor-version":[{"id":3623,"href":"https:\/\/www.radiolimari.cl\/index.php?rest_route=\/wp\/v2\/posts\/3621\/revisions\/3623"}],"wp:featuredmedia":[{"embeddable":true,"href":"https:\/\/www.radiolimari.cl\/index.php?rest_route=\/wp\/v2\/media\/3622"}],"wp:attachment":[{"href":"https:\/\/www.radiolimari.cl\/index.php?rest_route=%2Fwp%2Fv2%2Fmedia&parent=3621"}],"wp:term":[{"taxonomy":"category","embeddable":true,"href":"https:\/\/www.radiolimari.cl\/index.php?rest_route=%2Fwp%2Fv2%2Fcategories&post=3621"},{"taxonomy":"post_tag","embeddable":true,"href":"https:\/\/www.radiolimari.cl\/index.php?rest_route=%2Fwp%2Fv2%2Ftags&post=3621"}],"curies":[{"name":"wp","href":"https:\/\/api.w.org\/{rel}","templated":true}]}}