{"id":3618,"date":"2020-09-03T19:47:47","date_gmt":"2020-09-03T19:47:47","guid":{"rendered":"http:\/\/www.radiolimari.cl\/?p=3618"},"modified":"2020-09-03T19:47:47","modified_gmt":"2020-09-03T19:47:47","slug":"la-medida-de-fiestas-patrias-nos-hara-retroceder-el-trabajo-realizado-para-levantar-la-cuarentena-en-ovalle","status":"publish","type":"post","link":"https:\/\/www.radiolimari.cl\/?p=3618","title":{"rendered":"\u00abLa medida de Fiestas Patrias nos har\u00e1 retroceder el trabajo realizado para levantar la cuarentena en Ovalle\u00bb"},"content":{"rendered":"<p><a href=\"https:\/\/www.radiolimari.cl\/wp-content\/uploads\/2020\/09\/3.09-Alcalde-de-Ovalle.jpg\"><img fetchpriority=\"high\" decoding=\"async\" class=\"alignnone size-medium wp-image-3619\" src=\"https:\/\/www.radiolimari.cl\/wp-content\/uploads\/2020\/09\/3.09-Alcalde-de-Ovalle-300x225.jpg\" alt=\"3.09 Alcalde de Ovalle\" width=\"300\" height=\"225\" srcset=\"https:\/\/www.radiolimari.cl\/wp-content\/uploads\/2020\/09\/3.09-Alcalde-de-Ovalle-300x225.jpg 300w, https:\/\/www.radiolimari.cl\/wp-content\/uploads\/2020\/09\/3.09-Alcalde-de-Ovalle-1024x768.jpg 1024w\" sizes=\"(max-width: 300px) 100vw, 300px\" \/><\/a><\/p>\n<p><strong><em>El Alcalde de Ovalle, Claudio Renteria,\u00a0manifest\u00f3 su preocupaci\u00f3n y molestia por la autorizaci\u00f3n del Gobierno Central para los d\u00edas 18, 19 y 20 de septiembre, dado que los \u00edndices en la comuna no han mejorado como para dar pie para que aumente la movilidad social. <\/em><\/strong><!--more--><\/p>\n<p>Preocupaci\u00f3n y molestia existe en la comunidad ovallina, luego del anuncio que realizara el Gobierno Central, respecto a la autorizaci\u00f3n de permisos por 6 horas para todas las comunas del pa\u00eds, incluso en aquellas con cuarentena, durante los d\u00edas 18, 19 y 20 de septiembre.<\/p>\n<p>El alcalde Claudio Renter\u00eda indic\u00f3 que es una decisi\u00f3n errada, y que a su juicio \u201cnos har\u00e1 retroceder el trabajo realizado para levantar la cuarentena en Ovalle\u00bb. Asimismo indic\u00f3 que \u00abnos hemos esforzado, las familias -en general- han acatado las medidas y se han adecuado a los permisos de desplazamiento y a las normativas que est\u00e1n regidas para las comunas en cuarentena, lo que nos ha permitido disminuir la movilidad social y los contagios, pero esta decisi\u00f3n nos golpea muy fuerte, porque volver\u00e1n las aglomeraciones y aumentar\u00e1n los casos de Covid-19 y nos alejaremos mucho de poder salir de la Fase 1\u00bb.<\/p>\n<p>La autoridad comunal afirm\u00f3 que \u00abenviaremos un oficio a la Subsecretaria de Salud P\u00fablica, Paula Daza y a la intendenta Luc\u00eda Pinto, manifestando nuestra molestia y solicitando la revocaci\u00f3n de esta medida para las comunas que estamos en cuarentena, porque se contradice con el mensaje que hemos entregado desde el comienzo de la pandemia, porque todos queremos volver a la tan ansiada normalidad y este tipo de decisiones se contrapone a todos los esfuerzos y medidas que hemos tomado en nuestra comuna\u00bb.<\/p>\n<p>En lo que respecta a las cifras, Ovalle est\u00e1 dentro de las 15 comunas con m\u00e1s casos activos del pa\u00eds, situaci\u00f3n muy preocupante y que activa las alertas de las autoridades y habitantes de la comuna, quienes a trav\u00e9s de redes sociales se han sumado al rechazo de esta medida. \u201cVerdaderamente, es una decisi\u00f3n dif\u00edcil de comprender\u201d, concluye el alcalde.<\/p>\n","protected":false},"excerpt":{"rendered":"<p>El Alcalde de Ovalle, Claudio Renteria,\u00a0manifest\u00f3 su preocupaci\u00f3n y molestia por la autorizaci\u00f3n del Gobierno Central para los d\u00edas 18, 19 y 20 de septiembre, dado que los \u00edndices en la comuna no han mejorado como para dar pie para que aumente la movilidad social.<\/p>\n","protected":false},"author":2,"featured_media":3619,"comment_status":"open","ping_status":"open","sticky":false,"template":"","format":"standard","meta":{"footnotes":""},"categories":[5],"tags":[],"class_list":["post-3618","post","type-post","status-publish","format-standard","has-post-thumbnail","hentry","category-actualidad-limarina"],"_links":{"self":[{"href":"https:\/\/www.radiolimari.cl\/index.php?rest_route=\/wp\/v2\/posts\/3618","targetHints":{"allow":["GET"]}}],"collection":[{"href":"https:\/\/www.radiolimari.cl\/index.php?rest_route=\/wp\/v2\/posts"}],"about":[{"href":"https:\/\/www.radiolimari.cl\/index.php?rest_route=\/wp\/v2\/types\/post"}],"author":[{"embeddable":true,"href":"https:\/\/www.radiolimari.cl\/index.php?rest_route=\/wp\/v2\/users\/2"}],"replies":[{"embeddable":true,"href":"https:\/\/www.radiolimari.cl\/index.php?rest_route=%2Fwp%2Fv2%2Fcomments&post=3618"}],"version-history":[{"count":1,"href":"https:\/\/www.radiolimari.cl\/index.php?rest_route=\/wp\/v2\/posts\/3618\/revisions"}],"predecessor-version":[{"id":3620,"href":"https:\/\/www.radiolimari.cl\/index.php?rest_route=\/wp\/v2\/posts\/3618\/revisions\/3620"}],"wp:featuredmedia":[{"embeddable":true,"href":"https:\/\/www.radiolimari.cl\/index.php?rest_route=\/wp\/v2\/media\/3619"}],"wp:attachment":[{"href":"https:\/\/www.radiolimari.cl\/index.php?rest_route=%2Fwp%2Fv2%2Fmedia&parent=3618"}],"wp:term":[{"taxonomy":"category","embeddable":true,"href":"https:\/\/www.radiolimari.cl\/index.php?rest_route=%2Fwp%2Fv2%2Fcategories&post=3618"},{"taxonomy":"post_tag","embeddable":true,"href":"https:\/\/www.radiolimari.cl\/index.php?rest_route=%2Fwp%2Fv2%2Ftags&post=3618"}],"curies":[{"name":"wp","href":"https:\/\/api.w.org\/{rel}","templated":true}]}}