{"id":3612,"date":"2020-09-03T17:58:44","date_gmt":"2020-09-03T17:58:44","guid":{"rendered":"http:\/\/www.radiolimari.cl\/?p=3612"},"modified":"2020-09-03T17:58:44","modified_gmt":"2020-09-03T17:58:44","slug":"a-traves-de-las-redes-sociales-fieles-se-preparan-para-la-fiesta-chica-de-sotaqui","status":"publish","type":"post","link":"https:\/\/www.radiolimari.cl\/?p=3612","title":{"rendered":"A trav\u00e9s de las redes sociales fieles se preparan para la Fiesta Chica de Sotaqu\u00ed"},"content":{"rendered":"<p><a href=\"https:\/\/www.radiolimari.cl\/wp-content\/uploads\/2020\/09\/3.09-Ni\u00f1o-dios.jpg\"><img fetchpriority=\"high\" decoding=\"async\" class=\"alignnone size-medium wp-image-3613\" src=\"https:\/\/www.radiolimari.cl\/wp-content\/uploads\/2020\/09\/3.09-Ni\u00f1o-dios-225x300.jpg\" alt=\"3.09 Ni\u00f1o dios\" width=\"225\" height=\"300\" srcset=\"https:\/\/www.radiolimari.cl\/wp-content\/uploads\/2020\/09\/3.09-Ni\u00f1o-dios-225x300.jpg 225w, https:\/\/www.radiolimari.cl\/wp-content\/uploads\/2020\/09\/3.09-Ni\u00f1o-dios.jpg 720w\" sizes=\"(max-width: 225px) 100vw, 225px\" \/><\/a><\/p>\n<p>Con fervor, en familia y reunidos frente a una pantalla, numerosas personas siguen diariamente la Novena de la festividad en honor al Ni\u00f1o Dios, transmitida por medios de comunicaci\u00f3n social desde el santuario limarino.<!--more--><\/p>\n<p>Sin lugar a dudas, este a\u00f1o la\u00a0<em>Fiesta Chica<\/em>\u00a0de \u201cEl Ni\u00f1o Dios\u201d de Sotaqu\u00ed no ser\u00e1 igual a otras oportunidades, dada la determinaci\u00f3n por parte de la organizaci\u00f3n de realizarla en forma virtual, previniendo la propagaci\u00f3n del Coronavirus. En este contexto, la\u00a0<strong>preparaci\u00f3n espiritual<\/strong>\u00a0se ha desarrollado con normalidad, llevada hasta los hogares a trav\u00e9s de las redes sociales y seguida por cientos de feligreses que, animados en familia, se re\u00fanen frente a una pantalla para seguir la transmisi\u00f3n de la Novena, programa que se extiende\u00a0 hasta el\u00a0 s\u00e1bado 5 de septiembre, entre las 18:30 y 20:00 horas.<\/p>\n<p>&nbsp;<\/p>\n<p>Mar\u00eda Stegmeier, feligresa de la parroquia de Sotaqu\u00ed y que sigue fielmente las transmisiones a diario, nos comenta que a pesar de tener que vivirla por las redes sociales, de igual forma \u00abes muy emocionante y nos hace pensar de forma diferente, en relaci\u00f3n a c\u00f3mo vivir esta preparaci\u00f3n. No es lo mismo vivir las actividades presencialmente, pero uno tiene contacto visual con la sagrada imagen, con el sacerdote, el Altar y se escucha de buena forma. Este esfuerzo que se est\u00e1 haciendo se agradece enormemente, dada las circunstancias en que nos encontramos\u201d, puntualiz\u00f3.<\/p>\n<p>&nbsp;<\/p>\n<p>Por su parte, Carolina Pizarro manifest\u00f3 que poder seguir las transmisiones \u201cha sido una experiencia nueva y emocionante. Mi familia es cat\u00f3lica y participamos activamente de las Eucarist\u00edas. Sin duda que no es lo mismo. Sin embargo, en mi casa nos damos el tiempo y espacio para vivir de la mejor manera la Novena. As\u00ed mismo lo haremos el pr\u00f3ximo domingo para el d\u00eda principal de la fiesta\u201d, detall\u00f3.<\/p>\n<p>&nbsp;<\/p>\n<p>Los actos centrales de la\u00a0<strong>Fiesta Chica de Sotaqu\u00ed<\/strong>\u00a0est\u00e1n programados para este domingo 6 de septiembre y ser\u00e1n transmitidos por las p\u00e1ginas de Facebook Santuario Ni\u00f1o Dios de Sotaqu\u00ed-P\u00e1gina Oficial, Revista Koinon\u00eda y RSB Chile, as\u00ed como tambi\u00e9n por radio San Bartolom\u00e9 y otras radioemisoras. A las 08 de la ma\u00f1ana est\u00e1 programado el Rosario meditado. A mediod\u00eda, el Arzobispo Ren\u00e9 Rebolledo Salinas presidir\u00e1 la Misa Solemne de Fiesta desde el templo Catedral de La Serna, mientras que a las 4 de la tarde se vivir\u00e1 la Misa solemne desde el Santuario de Sotaqu\u00ed, a cargo del P. Gerardo Soto, Vicario For\u00e1neo del Limar\u00ed, seguido de una Procesi\u00f3n virtual.\u00a0 Las actividades finalizan a las 19:00 horas con el rezo de la Coronilla al Ni\u00f1o Dios.<\/p>\n<p>&nbsp;<\/p>\n","protected":false},"excerpt":{"rendered":"<p>Con fervor, en familia y reunidos frente a una pantalla, numerosas personas siguen diariamente la Novena de la festividad en honor al Ni\u00f1o Dios, transmitida por medios de comunicaci\u00f3n social desde el santuario limarino.<\/p>\n","protected":false},"author":2,"featured_media":3561,"comment_status":"open","ping_status":"open","sticky":false,"template":"","format":"standard","meta":{"footnotes":""},"categories":[5],"tags":[],"class_list":["post-3612","post","type-post","status-publish","format-standard","has-post-thumbnail","hentry","category-actualidad-limarina"],"_links":{"self":[{"href":"https:\/\/www.radiolimari.cl\/index.php?rest_route=\/wp\/v2\/posts\/3612","targetHints":{"allow":["GET"]}}],"collection":[{"href":"https:\/\/www.radiolimari.cl\/index.php?rest_route=\/wp\/v2\/posts"}],"about":[{"href":"https:\/\/www.radiolimari.cl\/index.php?rest_route=\/wp\/v2\/types\/post"}],"author":[{"embeddable":true,"href":"https:\/\/www.radiolimari.cl\/index.php?rest_route=\/wp\/v2\/users\/2"}],"replies":[{"embeddable":true,"href":"https:\/\/www.radiolimari.cl\/index.php?rest_route=%2Fwp%2Fv2%2Fcomments&post=3612"}],"version-history":[{"count":1,"href":"https:\/\/www.radiolimari.cl\/index.php?rest_route=\/wp\/v2\/posts\/3612\/revisions"}],"predecessor-version":[{"id":3614,"href":"https:\/\/www.radiolimari.cl\/index.php?rest_route=\/wp\/v2\/posts\/3612\/revisions\/3614"}],"wp:featuredmedia":[{"embeddable":true,"href":"https:\/\/www.radiolimari.cl\/index.php?rest_route=\/wp\/v2\/media\/3561"}],"wp:attachment":[{"href":"https:\/\/www.radiolimari.cl\/index.php?rest_route=%2Fwp%2Fv2%2Fmedia&parent=3612"}],"wp:term":[{"taxonomy":"category","embeddable":true,"href":"https:\/\/www.radiolimari.cl\/index.php?rest_route=%2Fwp%2Fv2%2Fcategories&post=3612"},{"taxonomy":"post_tag","embeddable":true,"href":"https:\/\/www.radiolimari.cl\/index.php?rest_route=%2Fwp%2Fv2%2Ftags&post=3612"}],"curies":[{"name":"wp","href":"https:\/\/api.w.org\/{rel}","templated":true}]}}