{"id":3608,"date":"2020-09-03T15:10:12","date_gmt":"2020-09-03T15:10:12","guid":{"rendered":"http:\/\/www.radiolimari.cl\/?p=3608"},"modified":"2020-09-03T15:12:16","modified_gmt":"2020-09-03T15:12:16","slug":"seremi-de-energia-recuerda-que-este-sabado-comenzara-el-horario-de-verano","status":"publish","type":"post","link":"https:\/\/www.radiolimari.cl\/?p=3608","title":{"rendered":"Seremi de Energ\u00eda recuerda que este s\u00e1bado comenzar\u00e1 el horario de verano"},"content":{"rendered":"<p><a href=\"https:\/\/www.radiolimari.cl\/wp-content\/uploads\/2020\/09\/3.09-cambio-de-horario-f1-horario.jpg\"><img fetchpriority=\"high\" decoding=\"async\" class=\"alignnone size-medium wp-image-3609\" src=\"https:\/\/www.radiolimari.cl\/wp-content\/uploads\/2020\/09\/3.09-cambio-de-horario-f1-horario-300x220.jpg\" alt=\"3.09 cambio de horario f1 horario\" width=\"300\" height=\"220\" srcset=\"https:\/\/www.radiolimari.cl\/wp-content\/uploads\/2020\/09\/3.09-cambio-de-horario-f1-horario-300x220.jpg 300w, https:\/\/www.radiolimari.cl\/wp-content\/uploads\/2020\/09\/3.09-cambio-de-horario-f1-horario.jpg 1024w\" sizes=\"(max-width: 300px) 100vw, 300px\" \/><\/a><\/p>\n<p><b style=\"color: #000000;\"><i>Secretario regional, \u00c1lvaro Herrera, inform\u00f3 que a la medianoche del 5 de septiembre los relojes y celulares se deben adelantar una hora<\/i><\/b><!--more--><\/p>\n<div style=\"color: #000000;\">Aprovechar lo m\u00e1s posible la luz natural del sol, con beneficios directos en la salud y el presupuesto familiar, en especial en tiempos de pandemia, son las consideraciones del Ministerio de Energ\u00eda para aplicar el cambio de huso horario que ocurrir\u00e1 este s\u00e1bado a la medianoche, cuando los celulares, relojes y computadores se adelanten en una hora.<\/div>\n<div style=\"color: #000000;\"><\/div>\n<div style=\"color: #000000;\"><\/div>\n<div style=\"color: #000000;\">A la medianoche del 5 de septiembre se deber\u00e1n ajustar los relojes en 60 minutos, con lo que se adoptar\u00e1 el horario de verano (UTC -3), el que se extender\u00e1 hasta la primera semana de abril de 2021.<\/div>\n<div style=\"color: #000000;\"><\/div>\n<div style=\"color: #000000;\"><\/div>\n<div style=\"color: #000000;\">La decisi\u00f3n fue tomada despu\u00e9s que el Ministerio de Energ\u00eda consultara a 60 instituciones p\u00fablicas y privadas sobre la incidencia del cambio de horario en los rubros en los que se especializan, como agr\u00edcola, industria, educaci\u00f3n, transportes y salud, entre otros.<\/div>\n<div style=\"color: #000000;\"><\/div>\n<div style=\"color: #000000;\"><\/div>\n<div style=\"color: #000000;\">El Seremi de Energ\u00eda, \u00c1lvaro Herrera, se\u00f1al\u00f3 que la justificaci\u00f3n del cambio de horario obedece a factores sociales, \u201cporque permitir\u00e1 aprovechar de mejor forma la luz natural durante la mayor parte del d\u00eda. Nos levantaremos con sol pr\u00e1cticamente todos los d\u00edas y tendremos m\u00e1s luminosidad en las tardes\u201d.<\/div>\n<div style=\"color: #000000;\"><\/div>\n<div style=\"color: #000000;\"><\/div>\n<div style=\"color: #000000;\">Adem\u00e1s agreg\u00f3 que \u201cla decisi\u00f3n de tener 2 horarios fue tomada al comienzo de la administraci\u00f3n, generando certeza y no improvisando a\u00f1o a a\u00f1o. Respondiendo a lo consensuado con diversas organizaciones sociales y de cara a la comunidad\u201d. Incluso record\u00f3 \u201cla experiencia del gobierno anterior de dejar un solo horario, lo que gener\u00f3 ausentismo escolar, mayor incidencia de accidentes de tr\u00e1nsito, causando en definitiva fuertes reparos de las agrupaciones de padres y apoderados, entre otros gremios\u201d.<\/div>\n<div style=\"color: #000000;\"><\/div>\n<div style=\"color: #000000;\"><\/div>\n<div style=\"color: #000000;\">La autoridad precis\u00f3 que en la actualidad el cambio de horario no tiene relaci\u00f3n con el ahorro de energ\u00eda \u2013 cercano al 1% &#8211; debido a la configuraci\u00f3n del gasto el\u00e9ctrico del pa\u00eds. Hace 10 a\u00f1os, la iluminaci\u00f3n pod\u00eda representar un tercio del consumo en un hogar, debido a que se usaban ampolletas incandescentes y menos artefactos en las casas. Hoy, con las nuevas tecnolog\u00edas y LED, y con mayor cantidad de art\u00edculos el\u00e9ctricos, el \u00edtem en iluminaci\u00f3n debe representar entre un 5% &#8211; 10% del consumo de una vivienda\u00bb.<\/div>\n<div style=\"color: #000000;\"><\/div>\n<div style=\"color: #000000;\"><\/div>\n<div style=\"color: #000000;\">El cambio de horario aplicar\u00e1 para todo Chile, con la excepci\u00f3n de la Regi\u00f3n de Magallanes y la Ant\u00e1rtica Chilena, que ya mantiene este mismo r\u00e9gimen fijo durante el a\u00f1o.<\/div>\n<div class=\"yj6qo\" style=\"color: #000000;\"><\/div>\n<div class=\"adL\" style=\"color: #000000;\"><\/div>\n<p>&nbsp;<\/p>\n","protected":false},"excerpt":{"rendered":"<p>Secretario regional, \u00c1lvaro Herrera, inform\u00f3 que a la medianoche del 5 de septiembre los relojes y celulares se deben adelantar una hora<\/p>\n","protected":false},"author":2,"featured_media":3609,"comment_status":"open","ping_status":"open","sticky":false,"template":"","format":"standard","meta":{"footnotes":""},"categories":[3],"tags":[],"class_list":["post-3608","post","type-post","status-publish","format-standard","has-post-thumbnail","hentry","category-actualidad"],"_links":{"self":[{"href":"https:\/\/www.radiolimari.cl\/index.php?rest_route=\/wp\/v2\/posts\/3608","targetHints":{"allow":["GET"]}}],"collection":[{"href":"https:\/\/www.radiolimari.cl\/index.php?rest_route=\/wp\/v2\/posts"}],"about":[{"href":"https:\/\/www.radiolimari.cl\/index.php?rest_route=\/wp\/v2\/types\/post"}],"author":[{"embeddable":true,"href":"https:\/\/www.radiolimari.cl\/index.php?rest_route=\/wp\/v2\/users\/2"}],"replies":[{"embeddable":true,"href":"https:\/\/www.radiolimari.cl\/index.php?rest_route=%2Fwp%2Fv2%2Fcomments&post=3608"}],"version-history":[{"count":2,"href":"https:\/\/www.radiolimari.cl\/index.php?rest_route=\/wp\/v2\/posts\/3608\/revisions"}],"predecessor-version":[{"id":3611,"href":"https:\/\/www.radiolimari.cl\/index.php?rest_route=\/wp\/v2\/posts\/3608\/revisions\/3611"}],"wp:featuredmedia":[{"embeddable":true,"href":"https:\/\/www.radiolimari.cl\/index.php?rest_route=\/wp\/v2\/media\/3609"}],"wp:attachment":[{"href":"https:\/\/www.radiolimari.cl\/index.php?rest_route=%2Fwp%2Fv2%2Fmedia&parent=3608"}],"wp:term":[{"taxonomy":"category","embeddable":true,"href":"https:\/\/www.radiolimari.cl\/index.php?rest_route=%2Fwp%2Fv2%2Fcategories&post=3608"},{"taxonomy":"post_tag","embeddable":true,"href":"https:\/\/www.radiolimari.cl\/index.php?rest_route=%2Fwp%2Fv2%2Ftags&post=3608"}],"curies":[{"name":"wp","href":"https:\/\/api.w.org\/{rel}","templated":true}]}}