{"id":3605,"date":"2020-09-02T20:32:37","date_gmt":"2020-09-02T20:32:37","guid":{"rendered":"http:\/\/www.radiolimari.cl\/?p=3605"},"modified":"2020-09-02T20:32:37","modified_gmt":"2020-09-02T20:32:37","slug":"autoridades-llaman-a-utilizar-de-buena-forma-los-permisos-temporales-y-colectivos-en-ovalle","status":"publish","type":"post","link":"https:\/\/www.radiolimari.cl\/?p=3605","title":{"rendered":"Autoridades llaman a utilizar de buena forma los permisos temporales y colectivos en Ovalle"},"content":{"rendered":"<p><a href=\"https:\/\/www.radiolimari.cl\/wp-content\/uploads\/2020\/09\/2.09-Respeto-Permisos-Temporales.jpg\"><img fetchpriority=\"high\" decoding=\"async\" class=\"alignnone size-medium wp-image-3606\" src=\"https:\/\/www.radiolimari.cl\/wp-content\/uploads\/2020\/09\/2.09-Respeto-Permisos-Temporales-300x225.jpg\" alt=\"2.09 Respeto Permisos Temporales\" width=\"300\" height=\"225\" srcset=\"https:\/\/www.radiolimari.cl\/wp-content\/uploads\/2020\/09\/2.09-Respeto-Permisos-Temporales-300x225.jpg 300w, https:\/\/www.radiolimari.cl\/wp-content\/uploads\/2020\/09\/2.09-Respeto-Permisos-Temporales-1024x768.jpg 1024w, https:\/\/www.radiolimari.cl\/wp-content\/uploads\/2020\/09\/2.09-Respeto-Permisos-Temporales.jpg 1080w\" sizes=\"(max-width: 300px) 100vw, 300px\" \/><\/a><\/p>\n<p><strong><em>El personal del Ej\u00e9rcito ha detectado malas conductas con los permisos de desplazamiento, puesto que cada uno tiene objetivos espec\u00edficos y no se pueden utilizar para otras acciones que no sean las se\u00f1aladas en el documento autorizado por www.comisariavirtual.cl <\/em><\/strong><!--more--><\/p>\n<p>Desde que se decret\u00f3 la cuarentena en Ovalle, el pasado 21 de agosto, el desplazamiento de las personas es restringido y se deben especificar las salidas de sus hogares, a trav\u00e9s de los permisos temporales o colectivos otorgados en <a href=\"http:\/\/www.comisariavirtual.cl\">www.comisariavirtual.cl<\/a>. Lamentablemente, por desinformaci\u00f3n o de manera intencional se han registrado casos de mala utilizaci\u00f3n de estos documentos.<\/p>\n<p>Los trabajadores de estamentos p\u00fablicos, centros de abastecimiento y de servicios esenciales cuentan con un Permiso \u00danico Colectivo, v\u00e1lido por siete d\u00edas, para desplazarse en el trayecto desde su vivienda al lugar de trabajo, el cual no se puede utilizar para otras acciones. \u201cQuiero insistir que los Permisos \u00danicos Colectivos son exclusivamente para ir a trabajar y no para ir al supermercado, ni para ir al banco, s\u00f3lo son v\u00e1lidos para trasladarse desde su domicilio a su lugar de trabajo\u201d indic\u00f3 el Jefe de la Fuerzas, general Pablo Onetto.<\/p>\n<p>Tanto, en el municipio de Ovalle, como en los servicios p\u00fablicos se han registrado este tipo de situaciones, donde las personas no cuentan con su permiso temporal para tr\u00e1mites o asisten con permisos para abastecimiento.<\/p>\n<p>El alcalde Claudio Renter\u00eda sostuvo que es muy importante \u201cque se respeten las normativas establecidas para zonas en cuarentena, porque si estas reglas no se cumplen dif\u00edcilmente saldremos de esta medida respectiva, y no vamos a avanzar para ganarle a esta pandemia. Asimismo, les quiero pedir el buen uso de los permisos temporales y colectivos y si no es necesario, no salir de sus hogares, porque no queremos que se formen aglomeraciones, porque esto se traduce en una mayor movilidad social y aumento de los contagios\u201d.<\/p>\n<p>Al respecto, el director Provincial del Servicio de Impuestos Internos, Orlando Montecinos \u00a0afirm\u00f3 que lo m\u00e1s importante es respetar y darle un buen uso a los permisos. \u201cTenemos casos que se han detectado utilizando el permiso colectivo para efectuar tr\u00e1mites y ah\u00ed se comete un grave error de entender algo distinto a lo instruido por el ministerio de Salud\u201d.<\/p>\n","protected":false},"excerpt":{"rendered":"<p>El personal del Ej\u00e9rcito ha detectado malas conductas con los permisos de desplazamiento, puesto que cada uno tiene objetivos espec\u00edficos y no se pueden utilizar para otras acciones que no sean las se\u00f1aladas en el documento autorizado por www.comisariavirtual.cl<\/p>\n","protected":false},"author":2,"featured_media":3606,"comment_status":"open","ping_status":"open","sticky":false,"template":"","format":"standard","meta":{"footnotes":""},"categories":[5],"tags":[],"class_list":["post-3605","post","type-post","status-publish","format-standard","has-post-thumbnail","hentry","category-actualidad-limarina"],"_links":{"self":[{"href":"https:\/\/www.radiolimari.cl\/index.php?rest_route=\/wp\/v2\/posts\/3605","targetHints":{"allow":["GET"]}}],"collection":[{"href":"https:\/\/www.radiolimari.cl\/index.php?rest_route=\/wp\/v2\/posts"}],"about":[{"href":"https:\/\/www.radiolimari.cl\/index.php?rest_route=\/wp\/v2\/types\/post"}],"author":[{"embeddable":true,"href":"https:\/\/www.radiolimari.cl\/index.php?rest_route=\/wp\/v2\/users\/2"}],"replies":[{"embeddable":true,"href":"https:\/\/www.radiolimari.cl\/index.php?rest_route=%2Fwp%2Fv2%2Fcomments&post=3605"}],"version-history":[{"count":1,"href":"https:\/\/www.radiolimari.cl\/index.php?rest_route=\/wp\/v2\/posts\/3605\/revisions"}],"predecessor-version":[{"id":3607,"href":"https:\/\/www.radiolimari.cl\/index.php?rest_route=\/wp\/v2\/posts\/3605\/revisions\/3607"}],"wp:featuredmedia":[{"embeddable":true,"href":"https:\/\/www.radiolimari.cl\/index.php?rest_route=\/wp\/v2\/media\/3606"}],"wp:attachment":[{"href":"https:\/\/www.radiolimari.cl\/index.php?rest_route=%2Fwp%2Fv2%2Fmedia&parent=3605"}],"wp:term":[{"taxonomy":"category","embeddable":true,"href":"https:\/\/www.radiolimari.cl\/index.php?rest_route=%2Fwp%2Fv2%2Fcategories&post=3605"},{"taxonomy":"post_tag","embeddable":true,"href":"https:\/\/www.radiolimari.cl\/index.php?rest_route=%2Fwp%2Fv2%2Ftags&post=3605"}],"curies":[{"name":"wp","href":"https:\/\/api.w.org\/{rel}","templated":true}]}}