{"id":3602,"date":"2020-09-02T19:30:30","date_gmt":"2020-09-02T19:30:30","guid":{"rendered":"http:\/\/www.radiolimari.cl\/?p=3602"},"modified":"2020-09-02T19:30:30","modified_gmt":"2020-09-02T19:30:30","slug":"finalizan-proyecto-de-ampliacion-en-la-subestacion-combarbarla","status":"publish","type":"post","link":"https:\/\/www.radiolimari.cl\/?p=3602","title":{"rendered":"Finalizan proyecto de ampliaci\u00f3n en la subestaci\u00f3n Combarbarl\u00e1"},"content":{"rendered":"<p><a href=\"https:\/\/www.radiolimari.cl\/wp-content\/uploads\/2020\/09\/2.09-sub-estacion-combarbala.jpg\"><img fetchpriority=\"high\" decoding=\"async\" class=\"alignnone size-medium wp-image-3603\" src=\"https:\/\/www.radiolimari.cl\/wp-content\/uploads\/2020\/09\/2.09-sub-estacion-combarbala-300x225.jpg\" alt=\"2.09 sub estacion combarbala\" width=\"300\" height=\"225\" srcset=\"https:\/\/www.radiolimari.cl\/wp-content\/uploads\/2020\/09\/2.09-sub-estacion-combarbala-300x225.jpg 300w, https:\/\/www.radiolimari.cl\/wp-content\/uploads\/2020\/09\/2.09-sub-estacion-combarbala-1024x768.jpg 1024w, https:\/\/www.radiolimari.cl\/wp-content\/uploads\/2020\/09\/2.09-sub-estacion-combarbala.jpg 1152w\" sizes=\"(max-width: 300px) 100vw, 300px\" \/><\/a><\/p>\n<p><b style=\"color: #000000;\"><i>Proyecto demand\u00f3 una inversi\u00f3n superior a los 1.700 millones de pesos y permitir\u00e1 duplicar la potencia instalada.<\/i><\/b><!--more--><\/p>\n<p style=\"font-weight: 400;\">En Combarbal\u00e1 CGE desarroll\u00f3 el Proyecto de ampliaci\u00f3n de subestaci\u00f3n el\u00e9ctrica de esa comuna, el que comenz\u00f3 en el mes de julio de 2018 y que consisti\u00f3 en duplicar la potencia instalada, con un nuevo transformador de 5 MVA, la habilitaci\u00f3n de patios adicionales para redes de 66 KV y 13,2KV y nuevos pa\u00f1os para la salida de las redes de Media Tensi\u00f3n.<\/p>\n<p style=\"font-weight: 400;\">\n<p style=\"font-weight: 400;\">El objetivo de esta ampliaci\u00f3n, que es parte del plan de obras a ejecutar por parte del Coordinador El\u00e9ctrico Nacional (CEN), es dar flexibilidad al sistema el\u00e9ctrico de la subestaci\u00f3n para permitir continuidad de suministro en condiciones adversas y garantizar la calidad de servicio a todos los clientes de la comuna. Por otra parte, este proyecto asegurar\u00e1 dar espacios a la conexi\u00f3n de nuevos clientes y permitir la inyecci\u00f3n de energ\u00eda desde las centrales de energ\u00eda fotovoltaica en construcci\u00f3n. Todo lo anterior, considerando el desarrollo de la comuna, de la regi\u00f3n y la calidad de vida de la comunidad. Este proyecto beneficiar\u00e1 a m\u00e1s de 13.000 habitantes de Combarbal\u00e1.<\/p>\n<p style=\"font-weight: 400;\">\n<p style=\"font-weight: 400;\">Las obras fueron realizadas y asignadas a la empresa constructora SEMI Chile. Para poder concretar este proyecto, en los tiempos y de la forma planificada el equipo de trabajo consider\u00f3 a m\u00e1s 40 personas en su peak de construcci\u00f3n, entre ingenieros, proyectistas, maestros, prevencionistas, inspecci\u00f3n t\u00e9cnica de obra y especialistas de CGE. Se instalaron equipos de niveles de voltaje de 66.000 y 13.200 Voltios, se incorpor\u00f3 una sala de control para alojar dispositivos de protecciones, equipos de medici\u00f3n de los consumos y la tecnolog\u00eda de punta necesaria para comandarlos a distancia.<\/p>\n<p style=\"font-weight: 400;\">\n<p style=\"font-weight: 400;\">El proyecto se concluy\u00f3 durante el mes de julio con la conexi\u00f3n final de todas las nuevas instalaciones y de esta forma se concreta un proyecto de gran envergadura e importancia para nuestra regi\u00f3n con una inversi\u00f3n total aproximada de 1.700 millones de pesos.<\/p>\n<p style=\"font-weight: 400;\">\n<p style=\"font-weight: 400;\">El Gerente Zonal de CGE, Pablo Salinas, se\u00f1al\u00f3 que \u201cconcluir este proyecto es un tremendo logro de un trabajo de largo aliento considerando su magnitud, inversi\u00f3n y equipo humano que trabaj\u00f3 en su evaluaci\u00f3n, desarrollo y puesta en servicio de las nuevas instalaciones. Estamos muy contentos en poder contarles esta buena noticia, no solo para la comuna de Combarbal\u00e1 sino para toda nuestra regi\u00f3n y de su comunidad\u201d.<\/p>\n<p style=\"font-weight: 400;\">\n<p style=\"font-weight: 400;\">Por otra parte, el Seremi de Energ\u00eda, \u00c1lvaro Herrera, valor\u00f3 esta inversi\u00f3n desplegada. \u201c\u00c9sta es una buena noticia para los vecinos de Combarbal\u00e1 y la Regi\u00f3n, porque por una parte viene a entregar certeza de una mejor calidad y continuidad de suministro el\u00e9ctrico, pero por otro lado genera nuevos puntos de conexi\u00f3n para seguir avanzando en la suma de m\u00e1s energ\u00edas renovables tan abundantes en nuestra zona\u201d.<\/p>\n<p>&nbsp;<\/p>\n","protected":false},"excerpt":{"rendered":"<p>Proyecto demand\u00f3 una inversi\u00f3n superior a los 1.700 millones de pesos y permitir\u00e1 duplicar la potencia instalada.<\/p>\n","protected":false},"author":2,"featured_media":3603,"comment_status":"open","ping_status":"open","sticky":false,"template":"","format":"standard","meta":{"footnotes":""},"categories":[5],"tags":[],"class_list":["post-3602","post","type-post","status-publish","format-standard","has-post-thumbnail","hentry","category-actualidad-limarina"],"_links":{"self":[{"href":"https:\/\/www.radiolimari.cl\/index.php?rest_route=\/wp\/v2\/posts\/3602","targetHints":{"allow":["GET"]}}],"collection":[{"href":"https:\/\/www.radiolimari.cl\/index.php?rest_route=\/wp\/v2\/posts"}],"about":[{"href":"https:\/\/www.radiolimari.cl\/index.php?rest_route=\/wp\/v2\/types\/post"}],"author":[{"embeddable":true,"href":"https:\/\/www.radiolimari.cl\/index.php?rest_route=\/wp\/v2\/users\/2"}],"replies":[{"embeddable":true,"href":"https:\/\/www.radiolimari.cl\/index.php?rest_route=%2Fwp%2Fv2%2Fcomments&post=3602"}],"version-history":[{"count":1,"href":"https:\/\/www.radiolimari.cl\/index.php?rest_route=\/wp\/v2\/posts\/3602\/revisions"}],"predecessor-version":[{"id":3604,"href":"https:\/\/www.radiolimari.cl\/index.php?rest_route=\/wp\/v2\/posts\/3602\/revisions\/3604"}],"wp:featuredmedia":[{"embeddable":true,"href":"https:\/\/www.radiolimari.cl\/index.php?rest_route=\/wp\/v2\/media\/3603"}],"wp:attachment":[{"href":"https:\/\/www.radiolimari.cl\/index.php?rest_route=%2Fwp%2Fv2%2Fmedia&parent=3602"}],"wp:term":[{"taxonomy":"category","embeddable":true,"href":"https:\/\/www.radiolimari.cl\/index.php?rest_route=%2Fwp%2Fv2%2Fcategories&post=3602"},{"taxonomy":"post_tag","embeddable":true,"href":"https:\/\/www.radiolimari.cl\/index.php?rest_route=%2Fwp%2Fv2%2Ftags&post=3602"}],"curies":[{"name":"wp","href":"https:\/\/api.w.org\/{rel}","templated":true}]}}