{"id":3572,"date":"2020-08-31T20:02:11","date_gmt":"2020-08-31T20:02:11","guid":{"rendered":"http:\/\/www.radiolimari.cl\/?p=3572"},"modified":"2020-08-31T20:02:11","modified_gmt":"2020-08-31T20:02:11","slug":"hasta-el-viernes-4-de-septiembre-los-ovallinos-podran-realizarse-examenes-pcr-en-ovalle","status":"publish","type":"post","link":"https:\/\/www.radiolimari.cl\/?p=3572","title":{"rendered":"Hasta el viernes 4 de septiembre los ovallinos podr\u00e1n realizarse ex\u00e1menes PCR en Ovalle"},"content":{"rendered":"<p><a href=\"https:\/\/www.radiolimari.cl\/wp-content\/uploads\/2020\/08\/31.08-Ex\u00e1menes-PCR-Alameda-de-Ovalle.jpeg\"><img fetchpriority=\"high\" decoding=\"async\" class=\"alignnone size-medium wp-image-3573\" src=\"https:\/\/www.radiolimari.cl\/wp-content\/uploads\/2020\/08\/31.08-Ex\u00e1menes-PCR-Alameda-de-Ovalle-300x225.jpeg\" alt=\"31.08 Ex\u00e1menes PCR Alameda de Ovalle\" width=\"300\" height=\"225\" srcset=\"https:\/\/www.radiolimari.cl\/wp-content\/uploads\/2020\/08\/31.08-Ex\u00e1menes-PCR-Alameda-de-Ovalle-300x225.jpeg 300w, https:\/\/www.radiolimari.cl\/wp-content\/uploads\/2020\/08\/31.08-Ex\u00e1menes-PCR-Alameda-de-Ovalle-1024x768.jpeg 1024w, https:\/\/www.radiolimari.cl\/wp-content\/uploads\/2020\/08\/31.08-Ex\u00e1menes-PCR-Alameda-de-Ovalle.jpeg 1280w\" sizes=\"(max-width: 300px) 100vw, 300px\" \/><\/a><\/p>\n<p><strong><em>Esta iniciativa del departamento de Salud Municipal se realiza en la Alameda, sector Espejo de Agua, entre las 10 de la ma\u00f1ana y las 13 horas. El ex\u00e1men es gratuito y las personas s\u00f3lo deber\u00e1n dejar sus datos personales y ser\u00e1n contactadas, en un periodo de dos a cinco d\u00edas, para darles a conocer el resultado de su an\u00e1lisis.<\/em><\/strong><!--more--><\/p>\n<p>Hasta el pr\u00f3ximo viernes 4 de septiembre, el personal del departamento de Salud realizar\u00e1 toma de ex\u00e1menes PCR gratuitos en la alameda de Ovalle, sector Espejo de Agua, entre las 10 de la ma\u00f1ana y las 13 horas. El prop\u00f3sito principal es aumentar el testeo y detectar casos asintom\u00e1ticos de Covid-19.<\/p>\n<p>Este trabajo de Pesquisa Activa, se enmarca en el plan Testear, Trazar y Aislar del ministerio de Salud, que busca mantener el control de los casos activos y los contactos estrechos que se mantienen en la comuna.<\/p>\n<p>Las personas s\u00f3lo deben asistir, entregar sus datos personales y luego pasan a un cub\u00edculo acondicionado, en el cual personal m\u00e9dico le tomar\u00e1 la muestra de forma r\u00e1pida y segura. Recordemos, que el examen PCR se realiza, a trav\u00e9s de una t\u00f3rula (Similar a un cotonito), se introduce por la cavidad nasal, se extrae una muestra de secreci\u00f3n, la cual se env\u00eda a an\u00e1lisis y en un periodo de dos a cinco d\u00edas se entrega el resultado v\u00eda telef\u00f3nica.<\/p>\n<p>\u201cEsta iniciativa es parte de la estrategia que hemos generado para detectar casos asintom\u00e1ticos de Covid-19 y aislarlos de forma inmediata. Estamos haciendo todos los esfuerzos para que la cifra de casos activos en la comuna disminuya y se levante prontamente la cuarentena, pero esta determinaci\u00f3n depende \u00fanica y exclusivamente del buen comportamiento que tengamos en esta fase 1\u201d sostuvo el alcalde de Ovalle, Claudio Renter\u00eda.<\/p>\n<p>Estos operativos de Pesquisa Activa se han trasladado a las poblaciones y sectores rurales de Ovalle. El personal de Salud ya ha recorrido el Condominio Ovalle, villa Los Pimientos y Los Leices. Este martes 1 de septiembre, el equipo de profesionales estar\u00e1 en dependencias del Open Plaza Ovalle y asistir\u00e1 a la localidad de Limar\u00ed.<\/p>\n","protected":false},"excerpt":{"rendered":"<p>Esta iniciativa del departamento de Salud Municipal se realiza en la Alameda, sector Espejo de Agua, entre las 10 de la ma\u00f1ana y las 13 horas. El ex\u00e1men es gratuito y las personas s\u00f3lo deber\u00e1n dejar sus datos personales y ser\u00e1n contactadas, en un periodo de dos a cinco d\u00edas, para darles a conocer el &#8230;<\/p>\n","protected":false},"author":2,"featured_media":3573,"comment_status":"open","ping_status":"open","sticky":false,"template":"","format":"standard","meta":{"footnotes":""},"categories":[5],"tags":[],"class_list":["post-3572","post","type-post","status-publish","format-standard","has-post-thumbnail","hentry","category-actualidad-limarina"],"_links":{"self":[{"href":"https:\/\/www.radiolimari.cl\/index.php?rest_route=\/wp\/v2\/posts\/3572","targetHints":{"allow":["GET"]}}],"collection":[{"href":"https:\/\/www.radiolimari.cl\/index.php?rest_route=\/wp\/v2\/posts"}],"about":[{"href":"https:\/\/www.radiolimari.cl\/index.php?rest_route=\/wp\/v2\/types\/post"}],"author":[{"embeddable":true,"href":"https:\/\/www.radiolimari.cl\/index.php?rest_route=\/wp\/v2\/users\/2"}],"replies":[{"embeddable":true,"href":"https:\/\/www.radiolimari.cl\/index.php?rest_route=%2Fwp%2Fv2%2Fcomments&post=3572"}],"version-history":[{"count":1,"href":"https:\/\/www.radiolimari.cl\/index.php?rest_route=\/wp\/v2\/posts\/3572\/revisions"}],"predecessor-version":[{"id":3574,"href":"https:\/\/www.radiolimari.cl\/index.php?rest_route=\/wp\/v2\/posts\/3572\/revisions\/3574"}],"wp:featuredmedia":[{"embeddable":true,"href":"https:\/\/www.radiolimari.cl\/index.php?rest_route=\/wp\/v2\/media\/3573"}],"wp:attachment":[{"href":"https:\/\/www.radiolimari.cl\/index.php?rest_route=%2Fwp%2Fv2%2Fmedia&parent=3572"}],"wp:term":[{"taxonomy":"category","embeddable":true,"href":"https:\/\/www.radiolimari.cl\/index.php?rest_route=%2Fwp%2Fv2%2Fcategories&post=3572"},{"taxonomy":"post_tag","embeddable":true,"href":"https:\/\/www.radiolimari.cl\/index.php?rest_route=%2Fwp%2Fv2%2Ftags&post=3572"}],"curies":[{"name":"wp","href":"https:\/\/api.w.org\/{rel}","templated":true}]}}