{"id":3565,"date":"2020-08-31T14:15:09","date_gmt":"2020-08-31T14:15:09","guid":{"rendered":"http:\/\/www.radiolimari.cl\/?p=3565"},"modified":"2020-08-31T14:15:09","modified_gmt":"2020-08-31T14:15:09","slug":"autoridades-realizan-balance-de-la-primera-semana-de-cuarentena-en-la-ciudad-de-ovalle","status":"publish","type":"post","link":"https:\/\/www.radiolimari.cl\/?p=3565","title":{"rendered":"Autoridades realizan balance de la primera semana de cuarentena en la ciudad de Ovalle"},"content":{"rendered":"<p><a href=\"https:\/\/www.radiolimari.cl\/wp-content\/uploads\/2020\/08\/31.08-gibernaci\u00f3n-BALANCEGOB-1.jpeg\"><img fetchpriority=\"high\" decoding=\"async\" class=\"alignnone size-medium wp-image-3566\" src=\"https:\/\/www.radiolimari.cl\/wp-content\/uploads\/2020\/08\/31.08-gibernaci\u00f3n-BALANCEGOB-1-300x225.jpeg\" alt=\"31.08 gibernaci\u00f3n BALANCEGOB (1)\" width=\"300\" height=\"225\" srcset=\"https:\/\/www.radiolimari.cl\/wp-content\/uploads\/2020\/08\/31.08-gibernaci\u00f3n-BALANCEGOB-1-300x225.jpeg 300w, https:\/\/www.radiolimari.cl\/wp-content\/uploads\/2020\/08\/31.08-gibernaci\u00f3n-BALANCEGOB-1-1024x768.jpeg 1024w, https:\/\/www.radiolimari.cl\/wp-content\/uploads\/2020\/08\/31.08-gibernaci\u00f3n-BALANCEGOB-1.jpeg 1280w\" sizes=\"(max-width: 300px) 100vw, 300px\" \/><\/a><\/p>\n<p>La primera semana de cuarentena en la ciudad de Ovalle ha permitido la reducci\u00f3n de la movilidad social en la capital limarina, sin embargo el llamado de las autoridades es a continuar siendo responsables en el respeto de esta estricta medida, para poder disminuir los contagios en la capital provincial de Limar\u00ed.<!--more--><\/p>\n<p>Desde el inicio de la Fase 1 del plan Paso a Paso del Gobierno de Chile en la capital de Limar\u00ed, el servicio de salud Coquimbo ha informado que se han controlado 251 locales y 2477 personas cursando \u00a069 sumarios sanitarios por incumplimiento de la normativa vigente de las medidas sanitarias dispuestas por el Ministerio de Salud.<\/p>\n<p>Por otra parte Carabineros de la Prefectura Limar\u00ed informa 27.243 fiscalizaciones, 74.296 Permisos y salvoconductos emitidos, as\u00ed como 175 detenidos en la labor policial constante de control y fiscalizaci\u00f3n en diversos procedimientos.<\/p>\n<p>El general del ej\u00e9rcito, delegado de la Defensa Nacional en la Regi\u00f3n de Coquimbo, Pablo Onetto, indic\u00f3 que \u201cno hay que bajar la guardia, invitamos a la gente\u00a0 de Ovalle para que ocupe bien los permisos y planificarse bien. Hay que tener un cambio de las rutinas que ten\u00edamos antes de la pandemia, especialmente en cuanto a las compras para evitar que se provoquen aglomeraciones durante los fines de semana.<\/p>\n<p>El alcalde de Ovalle, Claudio Renter\u00eda, expres\u00f3 que el municipio seguir\u00e1 siendo parte activa del trabajo conjunto que se ha venido desarrollando con las diversas instituciones de Gobierno, el Ej\u00e9rcito y las polic\u00edas, para el manejo adecuado de la cuarentena en la comuna \u201cla coordinaci\u00f3n ha sido clave durante la pandemia, y m\u00e1s a\u00fan, desde el inicio de la cuarentena. Creo que de esta forma podremos revertir prontamente esta situaci\u00f3n, esperando adem\u00e1s que la ciudadan\u00eda mantenga un comportamiento responsable que ha venido demostrando hasta ahora\u201d, declara el jefe comunal.<\/p>\n<p>El gobernador Iv\u00e1n Espinoza indica que \u201ces importante destacar el nivel de organizaci\u00f3n y fina coordinaci\u00f3n que hemos logrado en conjunto y entre todas las instituciones involucradas, bajo las directrices de la Jefatura de la Defensa.\u00a0 A pesar que ha habido una disminuci\u00f3n notable de la movilidad en general, nuestra aspiraci\u00f3n es a\u00fan mayor toda vez que los \u00edndices de contagios de covid no se han reducido lo esperado. Insistir que el \u00fanico remedio para detener esta pandemia es el autocuidado y ello se consigue simplemente reduciendo al m\u00e1ximo la movilidad, por lo tanto el mensaje es no salir de su casa salvo expresa necesidad\u201d.<\/p>\n<p>&nbsp;<\/p>\n<p>Adem\u00e1s, el Gobernador indica que \u201cuna de las situaciones que hemos detectado y que afecta la efectividad de la cuarentena, es la utilizaci\u00f3n inadecuada de permisos individuales y colectivos.\u00a0 Creemos conveniente advertir que, habiendo comprobado estas faltas, se intensificar\u00e1n las fiscalizaciones, poniendo especial cuidado en las posibles adulteraciones o malos usos de los permisos. Da la impresi\u00f3n que quienes firman como responsables de los permisos no tienen conciencia que el mal uso de ellos est\u00e1n sujetos a la aplicaci\u00f3n de muy severas sanciones. Hacemos un muy especial llamado a quienes suscriben permisos colectivos incorporando a colaboradores que en realidad no lo son, pues bien, deben entender que ello es f\u00e1cilmente comprobable porque los fiscalizadores recibir\u00e1n copia de su solicitud.\u00a0 Estudiamos adem\u00e1s la presentaci\u00f3n de querellas tanto por infringir el art\u00edculo 318 del c\u00f3digo penal por poner en riesgo la salud de las personas y\u00a0 como por falsificaci\u00f3n de instrumento p\u00fablico, exponi\u00e9ndose a considerables sanciones\u201d.<\/p>\n<p>&nbsp;<\/p>\n<p>Finalmente la m\u00e1xima autoridad provincial llam\u00f3 a la ciudadan\u00eda a que \u201cjunto con el autocuidado, pedimos a toda la poblaci\u00f3n provincial de Limar\u00ed, por ser completamente afectada por el estado de cuarentena de Ovalle,\u00a0 enfrentar este tremendo desaf\u00edo con responsabilidad y mucha comprensi\u00f3n porque las incomodidades y limitaciones que comprende la cuarentena, son la \u00fanica forma de superar lo que aqueja a nuestra sociedad.<\/p>\n<p>&nbsp;<\/p>\n<p>Se han mantenido exhaustivos operativos en barrios residenciales de Ovalle por parte del Ej\u00e9rcito, Carabineros, PDI, Servicio de Salud y funcionarios municipales, con el objetivo de fiscalizar y controlar la movilidad social de la comunidad, lo cual se traduce en la verificaci\u00f3n de\u00a0 los permisos de desplazamiento correspondientes. Como resultado de este plan focal en poblaciones, se fiscalizaron: 121 instalaciones comerciales, 4.481 permisos \u00fanicos colectivos y 5.286 permisos temporales individuales.<\/p>\n<p>&nbsp;<\/p>\n<p>Tambi\u00e9n se han detectado locales considerados no esenciales funcionando durante la cuarentena lo cual ha sido denunciado por vecinos. Es as\u00ed como la Polic\u00eda de Investigaciones en conjunto con personal de la Inspecci\u00f3n del Trabajo llevaron a cabo fiscalizaciones en locales de venta de repuestos para veh\u00edculos, que no manten\u00eda el giro para funcionar como servicio esencial por lo que fue clausurado. Adem\u00e1s. La Polic\u00eda de Investigaciones en su constante trabajo focalizado de investigaci\u00f3n ha logrado la detenci\u00f3n de 6 personas por incumplimiento de las normas sanitarias.<\/p>\n","protected":false},"excerpt":{"rendered":"<p>La primera semana de cuarentena en la ciudad de Ovalle ha permitido la reducci\u00f3n de la movilidad social en la capital limarina, sin embargo el llamado de las autoridades es a continuar siendo responsables en el respeto de esta estricta medida, para poder disminuir los contagios en la capital provincial de Limar\u00ed.<\/p>\n","protected":false},"author":2,"featured_media":3566,"comment_status":"open","ping_status":"open","sticky":false,"template":"","format":"standard","meta":{"footnotes":""},"categories":[6],"tags":[],"class_list":["post-3565","post","type-post","status-publish","format-standard","has-post-thumbnail","hentry","category-regionales"],"_links":{"self":[{"href":"https:\/\/www.radiolimari.cl\/index.php?rest_route=\/wp\/v2\/posts\/3565","targetHints":{"allow":["GET"]}}],"collection":[{"href":"https:\/\/www.radiolimari.cl\/index.php?rest_route=\/wp\/v2\/posts"}],"about":[{"href":"https:\/\/www.radiolimari.cl\/index.php?rest_route=\/wp\/v2\/types\/post"}],"author":[{"embeddable":true,"href":"https:\/\/www.radiolimari.cl\/index.php?rest_route=\/wp\/v2\/users\/2"}],"replies":[{"embeddable":true,"href":"https:\/\/www.radiolimari.cl\/index.php?rest_route=%2Fwp%2Fv2%2Fcomments&post=3565"}],"version-history":[{"count":1,"href":"https:\/\/www.radiolimari.cl\/index.php?rest_route=\/wp\/v2\/posts\/3565\/revisions"}],"predecessor-version":[{"id":3567,"href":"https:\/\/www.radiolimari.cl\/index.php?rest_route=\/wp\/v2\/posts\/3565\/revisions\/3567"}],"wp:featuredmedia":[{"embeddable":true,"href":"https:\/\/www.radiolimari.cl\/index.php?rest_route=\/wp\/v2\/media\/3566"}],"wp:attachment":[{"href":"https:\/\/www.radiolimari.cl\/index.php?rest_route=%2Fwp%2Fv2%2Fmedia&parent=3565"}],"wp:term":[{"taxonomy":"category","embeddable":true,"href":"https:\/\/www.radiolimari.cl\/index.php?rest_route=%2Fwp%2Fv2%2Fcategories&post=3565"},{"taxonomy":"post_tag","embeddable":true,"href":"https:\/\/www.radiolimari.cl\/index.php?rest_route=%2Fwp%2Fv2%2Ftags&post=3565"}],"curies":[{"name":"wp","href":"https:\/\/api.w.org\/{rel}","templated":true}]}}