{"id":3560,"date":"2020-08-28T18:28:10","date_gmt":"2020-08-28T18:28:10","guid":{"rendered":"http:\/\/www.radiolimari.cl\/?p=3560"},"modified":"2020-08-28T18:30:36","modified_gmt":"2020-08-28T18:30:36","slug":"3560","status":"publish","type":"post","link":"https:\/\/www.radiolimari.cl\/?p=3560","title":{"rendered":"Hoy con transmisi\u00f3n en vivo de la Novena se iniciar\u00e1 Fiesta Chica del Ni\u00f1o Dios de Sotaqu\u00ed"},"content":{"rendered":"<p><a href=\"https:\/\/www.radiolimari.cl\/wp-content\/uploads\/2020\/08\/Ni\u00f1o-Dios-de-sotaqui.jpg\"><img fetchpriority=\"high\" decoding=\"async\" class=\"alignnone size-medium wp-image-3561\" src=\"https:\/\/www.radiolimari.cl\/wp-content\/uploads\/2020\/08\/Ni\u00f1o-Dios-de-sotaqui-300x200.jpg\" alt=\"Ni\u00f1o Dios de sotaqui\" width=\"300\" height=\"200\" srcset=\"https:\/\/www.radiolimari.cl\/wp-content\/uploads\/2020\/08\/Ni\u00f1o-Dios-de-sotaqui-300x200.jpg 300w, https:\/\/www.radiolimari.cl\/wp-content\/uploads\/2020\/08\/Ni\u00f1o-Dios-de-sotaqui-1024x682.jpg 1024w\" sizes=\"(max-width: 300px) 100vw, 300px\" \/><\/a><\/p>\n<p>\u00a1T\u00faeresnuestraesperanza!\u00a0Es el lema de la preparaci\u00f3n, la Novena y tambi\u00e9n de la Fiesta Chica en honor al Ni\u00f1o Dios de Sotaqu\u00ed.<!--more--><\/p>\n<p style=\"color: #515154;\">Al mediod\u00eda de este viernes 28 de agosto, mediante comunicado oficial, se inform\u00f3 que este a\u00f1o la\u00a0<strong>Fiesta Chica de Sotaqu\u00ed, programada para el domingo 6 de septiembre, \u201cdebemos vivirla de otro modo, a trav\u00e9s de medios de comunicaci\u00f3n social y plataformas digitales\u201d<\/strong>.<\/p>\n<p style=\"color: #515154;\">La celebraci\u00f3n religiosa se vivir\u00e1 en un contexto especial, \u201cen que\u00a0<strong>contemplaremos el rostro del Ni\u00f1o, present\u00e1ndole a cuantos est\u00e1n sufriendo las consecuencias del COVID-19<\/strong>: A los enfermos, a sus queridas familias, al personal sanitario, a las numerosas instituciones de servicio p\u00fablico, a las hermanas y hermanos difuntos. Nos presentaremos todos en su presencia dici\u00e9ndole con amor y fe:\u00a0<strong>\u00a1T\u00fa eres nuestra esperanza!<\/strong>\u201d, que es el lema escogido para esta ocasi\u00f3n.<\/p>\n<p style=\"color: #515154;\">El documento enfatiza que esta instancia \u201cno ser\u00e1 igual. Estamos conscientes de ello. Sin embargo,\u00a0<strong>este momento exige de nosotros irrestricto cumplimiento a las indicaciones sanitarias que ha emanado la autoridad competente<\/strong>. No obstante, la Comisi\u00f3n preparatoria de la Fiesta Chica hace todos los esfuerzos para que el Ni\u00f1o Dios de Sotaqu\u00ed visite nuestros hogares y bendiga con su presencia a nuestras queridas familias\u201d.<\/p>\n<p style=\"color: #515154;\"><strong>Invitaci\u00f3n a vivir la fiesta desde los hogares<\/strong><\/p>\n<p style=\"color: #515154;\">El Rector del Santuario, Jos\u00e9 Antonio L\u00f3pez, expres\u00f3 que \u201cla fe manifestada al\u00a0<em>Ni\u00f1o Dios de Sotaqu\u00ed<\/em>\u00a0nos permita vivir con gran gozo cada d\u00eda de la festividad.\u00a0<strong>El hecho de no estar presentes f\u00edsicamente, no impida vivir este hermoso acontecimiento desde los hogares<\/strong>. Haremos todo lo posible para que cada d\u00eda de la Novena -con la Adoraci\u00f3n al Sant\u00edsimo Sacramento y la celebraci\u00f3n de la santa Eucarist\u00eda- pueda ser vivida por todos los fieles. Sin duda, los medios de comunicaci\u00f3n social son un gran aliado en estos momentos para llevar las transmisiones hasta sus casas. Pedimos con esperanza al Ni\u00f1o Dios salir pronto de esta situaci\u00f3n que nos agobia\u201d.<\/p>\n<p style=\"color: #515154;\">En tanto, el Vicario For\u00e1neo del Limar\u00ed, Gerardo Soto Toledo, manifest\u00f3 que \u00abeste a\u00f1o El Ni\u00f1o Dios de Sotaqu\u00ed tendr\u00e1 una exquisita amabilidad con su pueblo.\u00a0Debido al confinamiento y cuidados propios de la situaci\u00f3n sanitaria que vivimos,\u00a0<strong>no podremos salir a aclamarlo en su Santuario como cada a\u00f1o. Esta vez, \u00c9l ir\u00e1 a nuestro encuentro y ser\u00e1 un invitado especial en los hogares<\/strong>. Abramos nuestras puertas y corazones para recibirlo, acogiendo su gran amor y misericordia a trav\u00e9s de las transmisiones.\u00a0Hoy, m\u00e1s que nunca, Jes\u00fas desea que sintamos su presencia amorosa al interior de nuestras familias, porque \u00c9l nos anima:\u00a0<em>No teman, yo estoy con ustedes<\/em>\u00a0(cfr.\u00a0<em>Mt<\/em>\u00a028, 20)\u201d.<\/p>\n<p style=\"color: #515154;\">Por su parte, el Arzobispo Ren\u00e9 Rebolledo Salinas destac\u00f3: \u201cla experiencia de un encuentro eclesial extraordinario que se da cada a\u00f1o en Sotaqu\u00ed, la viviremos de modo diverso a lo acostumbrado. Al igual que la\u00a0<em>Fiesta Chica<\/em>\u00a0de Andacollo, se ha tenido que modificar para adaptarnos a la realidad que estamos viviendo como sociedad.\u00a0<strong>Sin duda, la celebraci\u00f3n de esta fiesta ser\u00e1 distinta, mas no la devoci\u00f3n y aprecio por el Ni\u00f1o Dios de Sotaqu\u00ed<\/strong>. Que la Novena y el d\u00eda de fiesta \u2013que viviremos el domingo 6 de septiembre, a trav\u00e9s de los medios disponibles- nos animen y fortalezcan en la fe, la esperanza y el amor. Confiados en el Se\u00f1or, actuando tambi\u00e9n corresponsablemente ante las indicaciones sanitarias, esperamos superar estos dif\u00edciles momentos que nos aquejan\u201d.<\/p>\n","protected":false},"excerpt":{"rendered":"<p>\u00a1T\u00faeresnuestraesperanza!\u00a0Es el lema de la preparaci\u00f3n, la Novena y tambi\u00e9n de la Fiesta Chica en honor al Ni\u00f1o Dios de Sotaqu\u00ed.<\/p>\n","protected":false},"author":2,"featured_media":3561,"comment_status":"open","ping_status":"open","sticky":false,"template":"","format":"standard","meta":{"footnotes":""},"categories":[5],"tags":[],"class_list":["post-3560","post","type-post","status-publish","format-standard","has-post-thumbnail","hentry","category-actualidad-limarina"],"_links":{"self":[{"href":"https:\/\/www.radiolimari.cl\/index.php?rest_route=\/wp\/v2\/posts\/3560","targetHints":{"allow":["GET"]}}],"collection":[{"href":"https:\/\/www.radiolimari.cl\/index.php?rest_route=\/wp\/v2\/posts"}],"about":[{"href":"https:\/\/www.radiolimari.cl\/index.php?rest_route=\/wp\/v2\/types\/post"}],"author":[{"embeddable":true,"href":"https:\/\/www.radiolimari.cl\/index.php?rest_route=\/wp\/v2\/users\/2"}],"replies":[{"embeddable":true,"href":"https:\/\/www.radiolimari.cl\/index.php?rest_route=%2Fwp%2Fv2%2Fcomments&post=3560"}],"version-history":[{"count":3,"href":"https:\/\/www.radiolimari.cl\/index.php?rest_route=\/wp\/v2\/posts\/3560\/revisions"}],"predecessor-version":[{"id":3564,"href":"https:\/\/www.radiolimari.cl\/index.php?rest_route=\/wp\/v2\/posts\/3560\/revisions\/3564"}],"wp:featuredmedia":[{"embeddable":true,"href":"https:\/\/www.radiolimari.cl\/index.php?rest_route=\/wp\/v2\/media\/3561"}],"wp:attachment":[{"href":"https:\/\/www.radiolimari.cl\/index.php?rest_route=%2Fwp%2Fv2%2Fmedia&parent=3560"}],"wp:term":[{"taxonomy":"category","embeddable":true,"href":"https:\/\/www.radiolimari.cl\/index.php?rest_route=%2Fwp%2Fv2%2Fcategories&post=3560"},{"taxonomy":"post_tag","embeddable":true,"href":"https:\/\/www.radiolimari.cl\/index.php?rest_route=%2Fwp%2Fv2%2Ftags&post=3560"}],"curies":[{"name":"wp","href":"https:\/\/api.w.org\/{rel}","templated":true}]}}