{"id":3557,"date":"2020-08-28T18:19:44","date_gmt":"2020-08-28T18:19:44","guid":{"rendered":"http:\/\/www.radiolimari.cl\/?p=3557"},"modified":"2020-08-28T18:19:44","modified_gmt":"2020-08-28T18:19:44","slug":"gobierno-apunta-a-la-inversion-publica-para-revertir-desempleo-en-la-region","status":"publish","type":"post","link":"https:\/\/www.radiolimari.cl\/?p=3557","title":{"rendered":"Gobierno apunta a la inversi\u00f3n p\u00fablica para revertir desempleo en la regi\u00f3n"},"content":{"rendered":"<p><a href=\"https:\/\/www.radiolimari.cl\/wp-content\/uploads\/2020\/08\/28.09-trabajo.jpg\"><img fetchpriority=\"high\" decoding=\"async\" class=\"alignnone size-medium wp-image-3558\" src=\"https:\/\/www.radiolimari.cl\/wp-content\/uploads\/2020\/08\/28.09-trabajo-300x225.jpg\" alt=\"28.09 trabajo\" width=\"300\" height=\"225\" srcset=\"https:\/\/www.radiolimari.cl\/wp-content\/uploads\/2020\/08\/28.09-trabajo-300x225.jpg 300w, https:\/\/www.radiolimari.cl\/wp-content\/uploads\/2020\/08\/28.09-trabajo.jpg 960w\" sizes=\"(max-width: 300px) 100vw, 300px\" \/><\/a><\/p>\n<ul>\n<li><strong><em>La autoridad laboral se\u00f1al\u00f3 que las cifras reflejan la gravedad del impacto de la crisis del Covid-19 sobre la econom\u00eda y el empleo en la regi\u00f3n.<\/em><\/strong><\/li>\n<\/ul>\n<p><!--more--><\/p>\n<p>Un nuevo aumento registr\u00f3 la Tasa de Desocupaci\u00f3n en la regi\u00f3n de Coquimbo alcanzado un 16,1% en el trimestre mayo julio del 2020.<\/p>\n<p>De acuerdo a lo anunciado por el Instituto Nacional de Estad\u00edstica (INE) los Desocupados Aumentaron en un 102,9% en un a\u00f1o, totalizando 55.980 personas desocupadas.<\/p>\n<p>En comparaci\u00f3n al a\u00f1o anterior, la actividad econ\u00f3mica que m\u00e1s perdi\u00f3 empleo es el Comercio, 21,2% menos en un a\u00f1o que se traduce en una p\u00e9rdida de 16.210 puestos de trabajos. Se suma Alojamientos y servicios de comida con 14.770 menos.<\/p>\n<p>El Seremi del Trabajo, Mat\u00edas Villalobos, se refiri\u00f3 a las cifras y dijo que \u201clos datos entregados por el INE siguen reflejando la gravedad del impacto de la crisis del Covid-19 sobre la econom\u00eda y el empleo en nuestro pa\u00eds y en particular en nuestra regi\u00f3n\u201d.<\/p>\n<p>\u201cComo Gobierno seguimos trabajando en medidas que vayan en apoyo a estos trabajadores y sus familias, con foco en los m\u00e1s vulnerables, y los m\u00e1s afectados por el desempleo, las mujeres y los j\u00f3venes. Al mismo tiempo, hemos puesto a disposici\u00f3n un ambicioso plan de reactivaci\u00f3n econ\u00f3mica con una fuerte inversi\u00f3n p\u00fablica en materia de vivienda, turismo, obras p\u00fablicas y agricultura, que permitir\u00e1 la creaci\u00f3n puestos de trabajo y que permitir\u00e1n absorber, en parte, los empleos que se han perdido. Este es un esfuerzo que demanda apoyo tanto p\u00fablico como privado, para poder revertir esta dif\u00edcil situaci\u00f3n\u201d, agreg\u00f3 el Seremi Mat\u00edas Villalobos.<\/p>\n<p>Adem\u00e1s, desde el Ministerio del Trabajo el foco est\u00e1 puesto en la b\u00fasqueda de mecanismos de incentivo al trabajo, la que busca apoyar a todos los trabajadores a trav\u00e9s de un subsidio al empleo para el cual se han destinado a nivel nacional de m\u00e1s de US$ 2000 millones y que implicar\u00e1 un impulso al retorno al empleo y a las nuevas contrataciones.<\/p>\n<p>Por \u00faltimo, la autoridad laboral reiter\u00f3 el llamado a respetar la cuarentena la que de extenderse podr\u00eda traer efectos mucho m\u00e1s negativos.\u00a0\u00a0 \u201cEs importante que tomemos conciencia y que todos pongamos de nuestra parte para salir pronto de esta cuarentena, superar la dif\u00edcil situaci\u00f3n sanitaria y trabajar para revertir el escenario adverso que estamos viviendo en materia de econom\u00eda y empleo en la regi\u00f3n\u201d, concluy\u00f3 Mat\u00edas Villalobos.<\/p>\n","protected":false},"excerpt":{"rendered":"<p>La autoridad laboral se\u00f1al\u00f3 que las cifras reflejan la gravedad del impacto de la crisis del Covid-19 sobre la econom\u00eda y el empleo en la regi\u00f3n.<\/p>\n","protected":false},"author":2,"featured_media":3558,"comment_status":"open","ping_status":"open","sticky":false,"template":"","format":"standard","meta":{"footnotes":""},"categories":[6],"tags":[],"class_list":["post-3557","post","type-post","status-publish","format-standard","has-post-thumbnail","hentry","category-regionales"],"_links":{"self":[{"href":"https:\/\/www.radiolimari.cl\/index.php?rest_route=\/wp\/v2\/posts\/3557","targetHints":{"allow":["GET"]}}],"collection":[{"href":"https:\/\/www.radiolimari.cl\/index.php?rest_route=\/wp\/v2\/posts"}],"about":[{"href":"https:\/\/www.radiolimari.cl\/index.php?rest_route=\/wp\/v2\/types\/post"}],"author":[{"embeddable":true,"href":"https:\/\/www.radiolimari.cl\/index.php?rest_route=\/wp\/v2\/users\/2"}],"replies":[{"embeddable":true,"href":"https:\/\/www.radiolimari.cl\/index.php?rest_route=%2Fwp%2Fv2%2Fcomments&post=3557"}],"version-history":[{"count":1,"href":"https:\/\/www.radiolimari.cl\/index.php?rest_route=\/wp\/v2\/posts\/3557\/revisions"}],"predecessor-version":[{"id":3559,"href":"https:\/\/www.radiolimari.cl\/index.php?rest_route=\/wp\/v2\/posts\/3557\/revisions\/3559"}],"wp:featuredmedia":[{"embeddable":true,"href":"https:\/\/www.radiolimari.cl\/index.php?rest_route=\/wp\/v2\/media\/3558"}],"wp:attachment":[{"href":"https:\/\/www.radiolimari.cl\/index.php?rest_route=%2Fwp%2Fv2%2Fmedia&parent=3557"}],"wp:term":[{"taxonomy":"category","embeddable":true,"href":"https:\/\/www.radiolimari.cl\/index.php?rest_route=%2Fwp%2Fv2%2Fcategories&post=3557"},{"taxonomy":"post_tag","embeddable":true,"href":"https:\/\/www.radiolimari.cl\/index.php?rest_route=%2Fwp%2Fv2%2Ftags&post=3557"}],"curies":[{"name":"wp","href":"https:\/\/api.w.org\/{rel}","templated":true}]}}