{"id":3549,"date":"2020-08-28T16:39:50","date_gmt":"2020-08-28T16:39:50","guid":{"rendered":"http:\/\/www.radiolimari.cl\/?p=3549"},"modified":"2020-08-28T16:39:50","modified_gmt":"2020-08-28T16:39:50","slug":"mas-de-135-mil-hogares-de-la-region-de-coquimbo-recibiran-el-cuarto-pago-del-ingreso-familiar-de-emergencia","status":"publish","type":"post","link":"https:\/\/www.radiolimari.cl\/?p=3549","title":{"rendered":"M\u00e1s de 135 mil hogares de la Regi\u00f3n de Coquimbo recibir\u00e1n el cuarto pago del Ingreso Familiar de Emergencia"},"content":{"rendered":"<p><a href=\"https:\/\/www.radiolimari.cl\/wp-content\/uploads\/2020\/08\/28.08-IFE-SECTORES-RURALES-2.jpg\"><img fetchpriority=\"high\" decoding=\"async\" class=\"alignnone size-medium wp-image-3550\" src=\"https:\/\/www.radiolimari.cl\/wp-content\/uploads\/2020\/08\/28.08-IFE-SECTORES-RURALES-2-300x168.jpg\" alt=\"28.08 IFE SECTORES RURALES (2)\" width=\"300\" height=\"168\" srcset=\"https:\/\/www.radiolimari.cl\/wp-content\/uploads\/2020\/08\/28.08-IFE-SECTORES-RURALES-2-300x168.jpg 300w, https:\/\/www.radiolimari.cl\/wp-content\/uploads\/2020\/08\/28.08-IFE-SECTORES-RURALES-2-1024x575.jpg 1024w, https:\/\/www.radiolimari.cl\/wp-content\/uploads\/2020\/08\/28.08-IFE-SECTORES-RURALES-2.jpg 1334w\" sizes=\"(max-width: 300px) 100vw, 300px\" \/><\/a><\/p>\n<p><strong>El cuarto aporte de este beneficio comenz\u00f3 a pagarse este jueves, y el equipo de la Seremi de Desarrollo Social y Familia despleg\u00f3 un operativo para resolver dudas sobre el Ingreso Familiar de Emergencia en sectores rurales de La Serena.<\/strong><!--more--><\/p>\n<p>Hasta localidades rurales como El Rosario y Gabriela Mistral de la comuna de La Serena, lleg\u00f3 el despliegue de la Seremi de Desarrollo Social y Familia para realizar un trabajo en terreno despejando dudas de las familias sobre el Ingreso Familiar de Emergencia, as\u00ed como tambi\u00e9n, ayudando en la solicitud de este apoyo del Gobierno ante la pandemia del COVID-19, cuando ya comenz\u00f3 a pagarse este jueves el cuarto aporte de dicho beneficio.<\/p>\n<p>Al respecto, la Ministra de Desarrollo Social y Familia, Karla Rubilar, afirm\u00f3 que el objetivo es que \u201chaya presencia en lugares m\u00e1s alejados, llegando con la informaci\u00f3n a familias del sector rural, quienes son parte de los m\u00e1s de 135 mil hogares beneficiados con el cuarto pago Ingreso Familiar de Emergencia en la Regi\u00f3n de Coquimbo. Recordemos que la ley establec\u00eda la posibilidad de pagar desde un 80% a un 100% este apoyo monetario, dependiendo de la situaci\u00f3n econ\u00f3mica del pa\u00eds, pero el Presidente Sebasti\u00e1n Pi\u00f1era ha tomado la decisi\u00f3n de entregar este cuarto aporte del beneficio al 100%\u201d.<\/p>\n<p>Por su parte, el Seremi de Desarrollo Social y Familia, Marcelo Telias, se\u00f1al\u00f3 que \u201cnuestro trabajo es estar en terreno con las familias que lo necesitan. Junto al equipo de nuestra secretar\u00eda regional estuvimos desplegados para llegar a resolver las dudas de personas como Yasm\u00edn, quien verific\u00f3 que es beneficiaria del cuarto pago del Ingreso Familiar de Emergencia. Tambi\u00e9n Silvia, quien muy agradecida, pudo enterarse de que los aportes estaban ya en su cuenta. Continuaremos con este despliegue apoyando a los hogares ante esta situaci\u00f3n de pandemia\u201d.<\/p>\n<p>Cabe consignar, que la cobertura del Ingreso Familiar de Emergencia ha ido sistem\u00e1ticamente al alza, mientras el primer aporte lleg\u00f3 a m\u00e1s de 58 mil hogares de la Regi\u00f3n de Coquimbo, en el tercer pago las familias beneficiadas superaron las 125 mil a nivel regional.<\/p>\n<p>Una de las familias beneficiadas es la de Camila Valdivia, del sector rural de El Rosario, en la comuna de La Serena. Ella cuenta que el Ingreso Familiar de Emergencia \u201cme ha ayudado bastante porque en marzo qued\u00e9 sin trabajo y ha sido un apoyo fundamental. Mi marido es trabajador independiente y con el tema de la cuarentena no ha podido trabajar, as\u00ed que nos ha servido bastante para los gastos b\u00e1sicos como el supermercado, que es lo principal\u201d.<\/p>\n<p>De esta forma, quienes postulen al cuarto aporte del Ingreso Familiar de Emergencia por primera vez, deben hacerlo en la p\u00e1gina web www.ingresodeemergencia.cl, secci\u00f3n \u201cSolicita el IFE o revisa si eres beneficiario\u201d y pueden realizarlo hasta el pr\u00f3ximo 7 de septiembre.<\/p>\n","protected":false},"excerpt":{"rendered":"<p>El cuarto aporte de este beneficio comenz\u00f3 a pagarse este jueves, y el equipo de la Seremi de Desarrollo Social y Familia despleg\u00f3 un operativo para resolver dudas sobre el Ingreso Familiar de Emergencia en sectores rurales de La Serena.<\/p>\n","protected":false},"author":2,"featured_media":3550,"comment_status":"open","ping_status":"open","sticky":false,"template":"","format":"standard","meta":{"footnotes":""},"categories":[3],"tags":[],"class_list":["post-3549","post","type-post","status-publish","format-standard","has-post-thumbnail","hentry","category-actualidad"],"_links":{"self":[{"href":"https:\/\/www.radiolimari.cl\/index.php?rest_route=\/wp\/v2\/posts\/3549","targetHints":{"allow":["GET"]}}],"collection":[{"href":"https:\/\/www.radiolimari.cl\/index.php?rest_route=\/wp\/v2\/posts"}],"about":[{"href":"https:\/\/www.radiolimari.cl\/index.php?rest_route=\/wp\/v2\/types\/post"}],"author":[{"embeddable":true,"href":"https:\/\/www.radiolimari.cl\/index.php?rest_route=\/wp\/v2\/users\/2"}],"replies":[{"embeddable":true,"href":"https:\/\/www.radiolimari.cl\/index.php?rest_route=%2Fwp%2Fv2%2Fcomments&post=3549"}],"version-history":[{"count":1,"href":"https:\/\/www.radiolimari.cl\/index.php?rest_route=\/wp\/v2\/posts\/3549\/revisions"}],"predecessor-version":[{"id":3551,"href":"https:\/\/www.radiolimari.cl\/index.php?rest_route=\/wp\/v2\/posts\/3549\/revisions\/3551"}],"wp:featuredmedia":[{"embeddable":true,"href":"https:\/\/www.radiolimari.cl\/index.php?rest_route=\/wp\/v2\/media\/3550"}],"wp:attachment":[{"href":"https:\/\/www.radiolimari.cl\/index.php?rest_route=%2Fwp%2Fv2%2Fmedia&parent=3549"}],"wp:term":[{"taxonomy":"category","embeddable":true,"href":"https:\/\/www.radiolimari.cl\/index.php?rest_route=%2Fwp%2Fv2%2Fcategories&post=3549"},{"taxonomy":"post_tag","embeddable":true,"href":"https:\/\/www.radiolimari.cl\/index.php?rest_route=%2Fwp%2Fv2%2Ftags&post=3549"}],"curies":[{"name":"wp","href":"https:\/\/api.w.org\/{rel}","templated":true}]}}