{"id":3522,"date":"2020-08-27T13:40:40","date_gmt":"2020-08-27T13:40:40","guid":{"rendered":"http:\/\/www.radiolimari.cl\/?p=3522"},"modified":"2020-08-27T13:40:40","modified_gmt":"2020-08-27T13:40:40","slug":"gobierno-anuncia-que-el-cuarto-pago-del-ingreso-familiar-de-emergencia-sera-al-100","status":"publish","type":"post","link":"https:\/\/www.radiolimari.cl\/?p=3522","title":{"rendered":"Gobierno anuncia que el cuarto pago del Ingreso Familiar de Emergencia ser\u00e1 al 100%"},"content":{"rendered":"<p><a href=\"https:\/\/www.radiolimari.cl\/wp-content\/uploads\/2020\/08\/27.08-ANUNCIO-IFE-CUARTO-PAGO-3-min.jpg\"><img fetchpriority=\"high\" decoding=\"async\" class=\"alignnone size-medium wp-image-3523\" src=\"https:\/\/www.radiolimari.cl\/wp-content\/uploads\/2020\/08\/27.08-ANUNCIO-IFE-CUARTO-PAGO-3-min-300x225.jpg\" alt=\"27.08 ANUNCIO IFE CUARTO PAGO (3)-min\" width=\"300\" height=\"225\" srcset=\"https:\/\/www.radiolimari.cl\/wp-content\/uploads\/2020\/08\/27.08-ANUNCIO-IFE-CUARTO-PAGO-3-min-300x225.jpg 300w, https:\/\/www.radiolimari.cl\/wp-content\/uploads\/2020\/08\/27.08-ANUNCIO-IFE-CUARTO-PAGO-3-min-1024x768.jpg 1024w\" sizes=\"(max-width: 300px) 100vw, 300px\" \/><\/a><\/p>\n<p><strong>El proceso de pago se inicia hoy jueves 27 de agosto para solicitantes del tercer aporte y los beneficiarios autom\u00e1ticos del cuarto aporte. Quienes soliciten el IFE por primera vez podr\u00e1n realizar la solicitud hasta el 7 de septiembre a trav\u00e9s de la web www.ingresodeemergencia.cl.<\/strong><!--more--><\/p>\n<p>Cuando ya comienza el cuarto pago del Ingreso Familiar de Emergencia (IFE), el Seremi de Desarrollo Social y Familia, Marcelo Telias, dialog\u00f3 con dos personas en situaci\u00f3n de calle beneficiadas con este apoyo del Gobierno ante la pandemia del COVID-19, quienes\u00a0 permanecen en el albergue de Plan Invierno Protegido de La Serena. De esta forma, Cristian Montenegro y \u00d3scar Rodr\u00edguez pertenecen al universo de m\u00e1s de 111 mil hogares de la Regi\u00f3n de Coquimbo que est\u00e1n recibiendo dicho aporte; en la conversaci\u00f3n se enteraron de informaci\u00f3n relevante sobre los meses venideros.<\/p>\n<p>La Ministra de Desarrollo Social y Familia, Karla Rubilar, explic\u00f3 que \u201cla ley establec\u00eda la posibilidad de pagar desde un 80% a un 100% del aporte, dependiendo de la situaci\u00f3n econ\u00f3mica del pa\u00eds, pero escuchamos a quienes nos dijeron que el beneficio, que es un gran alivio para las familias y que, dada la extensi\u00f3n y profundidad de esta crisis que es sanitaria pero tambi\u00e9n profundamente social, el Presidente Sebasti\u00e1n Pi\u00f1era ha tomado la decisi\u00f3n de realizar el pago de un 4to aporte del Ingreso Familiar de Emergencia al 100%\u201d.<\/p>\n<p>Esto quiere decir que, el porcentaje de cobertura que tendr\u00e1 este beneficio permitir\u00e1 un apoyo econ\u00f3mico de hasta $100 mil por persona para familias de hasta 4 integrantes en hogares que no reciben ning\u00fan ingreso formal y de forma decreciente para los hogares con m\u00e1s integrantes.<\/p>\n<p>Por su parte, el Seremi de Desarrollo Social y Familia, Marcelo Telias, destac\u00f3 esta ayuda indicando que \u201cestamos ya en la iniciaci\u00f3n del cuarto pago del Ingreso Familiar de Emergencia este jueves. Tambi\u00e9n invito a solicitar el beneficio hasta el 7 de septiembre para optar a este cuarto pago. Estuve en el albergue de La Serena con dos beneficiados de este apoyo del Gobierno en situaci\u00f3n de pandemia, ellos est\u00e1n con ideas de emprendimiento, proyect\u00e1ndose a futuro cuando salgan. Ellos no quieren volver a la calle y nosotros eso lo valoramos\u201d.<\/p>\n<p>En este sentido, Cristian Montenegro, uno de los beneficiados con el Ingreso Familiar de Emergencia, se\u00f1al\u00f3 que \u201che gastado un poquito en cosas que me han servido para vestirme. Tengo planeado guardar para arrendar una pieza cuando salga, comprar mercader\u00eda e invertir en lo que yo s\u00e9, que es tapicer\u00eda. Pretendo comprarme mis herramientas para poder salir adelante\u201d.<\/p>\n<p>A su vez, \u00d3scar Rodr\u00edguez, quien tambi\u00e9n accedi\u00f3 dicho apoyo monetario, cont\u00f3 que \u201cquiero tratar de hacer negocios. La platita me va a servir porque de ac\u00e1 salgo sin pega, sin nada. Ojal\u00e1 tuviera un emprendimiento, de a poquito ir logrando algo, y esa platita ha servido para comprarme ropa, zapatillas y tambi\u00e9n se guarda. Vamos a ver qu\u00e9 sucede\u201d.<\/p>\n<p>Este cuarto pago llegar\u00e1 a cerca de 3 millones de hogares de forma autom\u00e1tica a nivel pa\u00eds, espec\u00edficamente 2.995.441 hogares compuestos por 7.664.163 personas, y el proceso de pago comenzar\u00e1 este jueves 27 de agosto para los solicitantes del tercer aporte, los beneficiarios autom\u00e1ticos del aporte 4 (quienes ya recibieron el beneficio en pagos anteriores o est\u00e1n en el grupo de PBS entre 65 y 70 a\u00f1os o APS con pensi\u00f3n baja) y los apelantes aceptados de los aportes 2 y 3, que realizaron el tr\u00e1mite hasta el 03 agosto.<\/p>\n<p>Quienes postulen al cuarto aporte del IFE por primera vez, deben hacerlo ingresando a la web www.ingresodeemergencia.cl, secci\u00f3n \u201cSolicita el IFE o revisa si eres beneficiario\u201d y pueden realizarlo hasta el 7 de septiembre.<\/p>\n","protected":false},"excerpt":{"rendered":"<p>El proceso de pago se inicia hoy jueves 27 de agosto para solicitantes del tercer aporte y los beneficiarios autom\u00e1ticos del cuarto aporte. Quienes soliciten el IFE por primera vez podr\u00e1n realizar la solicitud hasta el 7 de septiembre a trav\u00e9s de la web www.ingresodeemergencia.cl.<\/p>\n","protected":false},"author":2,"featured_media":3523,"comment_status":"open","ping_status":"open","sticky":false,"template":"","format":"standard","meta":{"footnotes":""},"categories":[3],"tags":[],"class_list":["post-3522","post","type-post","status-publish","format-standard","has-post-thumbnail","hentry","category-actualidad"],"_links":{"self":[{"href":"https:\/\/www.radiolimari.cl\/index.php?rest_route=\/wp\/v2\/posts\/3522","targetHints":{"allow":["GET"]}}],"collection":[{"href":"https:\/\/www.radiolimari.cl\/index.php?rest_route=\/wp\/v2\/posts"}],"about":[{"href":"https:\/\/www.radiolimari.cl\/index.php?rest_route=\/wp\/v2\/types\/post"}],"author":[{"embeddable":true,"href":"https:\/\/www.radiolimari.cl\/index.php?rest_route=\/wp\/v2\/users\/2"}],"replies":[{"embeddable":true,"href":"https:\/\/www.radiolimari.cl\/index.php?rest_route=%2Fwp%2Fv2%2Fcomments&post=3522"}],"version-history":[{"count":1,"href":"https:\/\/www.radiolimari.cl\/index.php?rest_route=\/wp\/v2\/posts\/3522\/revisions"}],"predecessor-version":[{"id":3524,"href":"https:\/\/www.radiolimari.cl\/index.php?rest_route=\/wp\/v2\/posts\/3522\/revisions\/3524"}],"wp:featuredmedia":[{"embeddable":true,"href":"https:\/\/www.radiolimari.cl\/index.php?rest_route=\/wp\/v2\/media\/3523"}],"wp:attachment":[{"href":"https:\/\/www.radiolimari.cl\/index.php?rest_route=%2Fwp%2Fv2%2Fmedia&parent=3522"}],"wp:term":[{"taxonomy":"category","embeddable":true,"href":"https:\/\/www.radiolimari.cl\/index.php?rest_route=%2Fwp%2Fv2%2Fcategories&post=3522"},{"taxonomy":"post_tag","embeddable":true,"href":"https:\/\/www.radiolimari.cl\/index.php?rest_route=%2Fwp%2Fv2%2Ftags&post=3522"}],"curies":[{"name":"wp","href":"https:\/\/api.w.org\/{rel}","templated":true}]}}