{"id":3482,"date":"2020-08-22T20:54:13","date_gmt":"2020-08-22T20:54:13","guid":{"rendered":"http:\/\/www.radiolimari.cl\/?p=3482"},"modified":"2020-08-22T20:54:13","modified_gmt":"2020-08-22T20:54:13","slug":"autoridades-fiscalizan-puntos-de-control-y-accesos-en-primeras-horas-de-cuarentena-en-ovalle","status":"publish","type":"post","link":"https:\/\/www.radiolimari.cl\/?p=3482","title":{"rendered":"Autoridades fiscalizan puntos de control y accesos en primeras horas de cuarentena en Ovalle"},"content":{"rendered":"<p><a href=\"https:\/\/www.radiolimari.cl\/wp-content\/uploads\/2020\/08\/22.08-gobernador.jpeg\"><img fetchpriority=\"high\" decoding=\"async\" class=\"alignnone size-medium wp-image-3483\" src=\"https:\/\/www.radiolimari.cl\/wp-content\/uploads\/2020\/08\/22.08-gobernador-300x225.jpeg\" alt=\"22.08 gobernador\" width=\"300\" height=\"225\" srcset=\"https:\/\/www.radiolimari.cl\/wp-content\/uploads\/2020\/08\/22.08-gobernador-300x225.jpeg 300w, https:\/\/www.radiolimari.cl\/wp-content\/uploads\/2020\/08\/22.08-gobernador-1024x768.jpeg 1024w, https:\/\/www.radiolimari.cl\/wp-content\/uploads\/2020\/08\/22.08-gobernador.jpeg 1280w\" sizes=\"(max-width: 300px) 100vw, 300px\" \/><\/a><\/p>\n<p><strong><em>Asimismo han se\u00f1alado una disminuci\u00f3n en la movilidad social en la capital provincial de Limar\u00ed. <\/em><\/strong><!--more--><\/p>\n<p>Desplegado en terreno el Gobernador Provincial de Limar\u00ed, Iv\u00e1n Espinoza realiz\u00f3 un recorrido por los puntos de control y cierres de caminos establecidos en las rutas principales y secundarias de Ovalle para el control vehicular y peatonal en el contexto de la cuarentena implementada en Ovalle a contar de este 21 de agosto.<\/p>\n<p>La m\u00e1xima autoridad provincial constat\u00f3 junt\u00f3 al General Delegado de la Defensa Nacional en la regi\u00f3n de Coquimbo Pablo Onetto y el prefecto de Carabineros en Limar\u00ed, Luis Ram\u00edrez, el funcionamiento de los controles donde se solicitan los permisos correspondientes para el desplazamiento de la poblaci\u00f3n. Todo ello en coordinaci\u00f3n con el municipio de Ovalle quienes han dispuesto recursos humanos y log\u00edsticos para la implementaci\u00f3n de estos controles y realizaron tambi\u00e9n un recorrido por los puntos.<\/p>\n<p>El Gobernador de Limar\u00ed, Iv\u00e1n Espinoza indic\u00f3 que \u201cexiste un importante grado de coordinaci\u00f3n entre las diversas instituciones involucradas en la implementaci\u00f3n de la cuarentena, lo cual nos ha permitido realizar un trabajo que ha sido efectivo en las primeras horas de la implementaci\u00f3n de esta medida. Recorrimos desde temprano los diferentes controles constatando su funcionamiento en cada acceso a la ciudad. Recorrimos tambi\u00e9n algunos puntos donde exist\u00edan aglomeraciones como la feria Modelo y el paseo peatonal y hemos observado una disminuci\u00f3n en la movilidad social en la comuna de Ovalle. Estamos en una instancia en la que llegamos por el comportamiento de todos y asimismo necesitamos del compromiso de todos para poder salir luego de esta situaci\u00f3n\u201d.<\/p>\n<p>El alcalde de Ovalle, Claudio Renter\u00eda, quien tambi\u00e9n realiz\u00f3 un recorrido por la comuna, con el objetivo de verificar todo el trabajo log\u00edstico y de fiscalizaci\u00f3n que est\u00e1 llevando a cabo el Ej\u00e9rcito y Carabineros, se\u00f1al\u00f3 que \u201choy, en este primer d\u00eda de cuarentena, constatamos que efectivamente la comunidad escuch\u00f3 el llamado de permanecer en sus casas; hubo una movilidad social bastante reducida y esperamos que este sea un comportamiento constante de nuestra comuna, durante el tiempo que dure la cuarentena en Ovalle\u201d.<\/p>\n<p>Por su parte el general Pablo Onetto, delegado de la Defensa Nacional en la regi\u00f3n de Coquimbo indic\u00f3 que \u201cel balance en estas primeras horas ha sido positiva. La gente est\u00e1 ocupando de manera correcta por el momento el desplazamiento. Esperamos que esto se mantenga especialmente desde el d\u00eda lunes cuando empieza el movimiento de aquellos trabajos y labores esenciales. Hacemos un llamado para un buen comportamiento de la ciudadan\u00eda para esta medida sea efectiva y dure el menor tiempo posible\u201d.<\/p>\n","protected":false},"excerpt":{"rendered":"<p>Asimismo han se\u00f1alado una disminuci\u00f3n en la movilidad social en la capital provincial de Limar\u00ed.<\/p>\n","protected":false},"author":2,"featured_media":3483,"comment_status":"open","ping_status":"open","sticky":false,"template":"","format":"standard","meta":{"footnotes":""},"categories":[3],"tags":[],"class_list":["post-3482","post","type-post","status-publish","format-standard","has-post-thumbnail","hentry","category-actualidad"],"_links":{"self":[{"href":"https:\/\/www.radiolimari.cl\/index.php?rest_route=\/wp\/v2\/posts\/3482","targetHints":{"allow":["GET"]}}],"collection":[{"href":"https:\/\/www.radiolimari.cl\/index.php?rest_route=\/wp\/v2\/posts"}],"about":[{"href":"https:\/\/www.radiolimari.cl\/index.php?rest_route=\/wp\/v2\/types\/post"}],"author":[{"embeddable":true,"href":"https:\/\/www.radiolimari.cl\/index.php?rest_route=\/wp\/v2\/users\/2"}],"replies":[{"embeddable":true,"href":"https:\/\/www.radiolimari.cl\/index.php?rest_route=%2Fwp%2Fv2%2Fcomments&post=3482"}],"version-history":[{"count":1,"href":"https:\/\/www.radiolimari.cl\/index.php?rest_route=\/wp\/v2\/posts\/3482\/revisions"}],"predecessor-version":[{"id":3484,"href":"https:\/\/www.radiolimari.cl\/index.php?rest_route=\/wp\/v2\/posts\/3482\/revisions\/3484"}],"wp:featuredmedia":[{"embeddable":true,"href":"https:\/\/www.radiolimari.cl\/index.php?rest_route=\/wp\/v2\/media\/3483"}],"wp:attachment":[{"href":"https:\/\/www.radiolimari.cl\/index.php?rest_route=%2Fwp%2Fv2%2Fmedia&parent=3482"}],"wp:term":[{"taxonomy":"category","embeddable":true,"href":"https:\/\/www.radiolimari.cl\/index.php?rest_route=%2Fwp%2Fv2%2Fcategories&post=3482"},{"taxonomy":"post_tag","embeddable":true,"href":"https:\/\/www.radiolimari.cl\/index.php?rest_route=%2Fwp%2Fv2%2Ftags&post=3482"}],"curies":[{"name":"wp","href":"https:\/\/api.w.org\/{rel}","templated":true}]}}