{"id":3472,"date":"2020-08-20T19:50:59","date_gmt":"2020-08-20T19:50:59","guid":{"rendered":"http:\/\/www.radiolimari.cl\/?p=3472"},"modified":"2020-08-20T19:52:09","modified_gmt":"2020-08-20T19:52:09","slug":"ceaza-anuncia-bajas-temperaturas-y-heladas-locales-en-la-region-de-coquimbo","status":"publish","type":"post","link":"https:\/\/www.radiolimari.cl\/?p=3472","title":{"rendered":"Ceaza Anuncia Bajas temperaturas y heladas locales en la Regi\u00f3n de Coquimbo"},"content":{"rendered":"<p><a href=\"https:\/\/www.radiolimari.cl\/wp-content\/uploads\/2020\/08\/20.08-ceaza.png\"><img decoding=\"async\" class=\"alignnone size-medium wp-image-3473\" src=\"https:\/\/www.radiolimari.cl\/wp-content\/uploads\/2020\/08\/20.08-ceaza-300x163.png\" alt=\"20.08 ceaza\" width=\"300\" height=\"163\" srcset=\"https:\/\/www.radiolimari.cl\/wp-content\/uploads\/2020\/08\/20.08-ceaza-300x163.png 300w, https:\/\/www.radiolimari.cl\/wp-content\/uploads\/2020\/08\/20.08-ceaza.png 622w\" sizes=\"(max-width: 300px) 100vw, 300px\" \/><\/a><\/p>\n<p><strong style=\"font-weight: bolder; color: #000000;\"><span style=\"color: #000000;\"><span style=\"font-weight: normal;\">Se espera<\/span><\/span><\/strong><span style=\"color: #000000;\">\u00a0<\/span><strong style=\"font-weight: bolder; color: #000000;\"><span style=\"color: #000000;\"><span style=\"font-weight: normal;\">que contin\u00faen las<\/span><\/span><\/strong><span style=\"color: #000000;\">\u00a0<\/span><strong style=\"font-weight: bolder; color: #000000;\"><span style=\"color: #000000;\"><span style=\"font-weight: normal;\">bajas temperaturas y\u00a0<\/span><\/span><\/strong><strong style=\"font-weight: bolder; color: #000000;\"><span style=\"color: #000000;\"><span style=\"font-weight: normal;\">las\u00a0<\/span><\/span><\/strong><strong style=\"font-weight: bolder; color: #000000;\"><span style=\"color: #000000;\"><span style=\"font-weight: normal;\">heladas locales\u00a0<\/span><\/span><\/strong><strong style=\"font-weight: bolder; color: #000000;\"><span style=\"color: #000000;\"><span style=\"font-weight: normal;\">en los valles de la Regi\u00f3n de Coquimbo,\u00a0<\/span><\/span><\/strong><strong style=\"font-weight: bolder; color: #000000;\"><span style=\"color: #000000;\"><span style=\"font-weight: normal;\">as\u00ed como tambi\u00e9n en los valles m\u00e1s cercanos a la costa\u00a0<\/span><\/span><\/strong><strong style=\"font-weight: bolder; color: #000000;\"><span style=\"color: #000000;\"><span style=\"font-weight: normal;\">de la provincia de Limar\u00ed<\/span><\/span><\/strong><strong style=\"font-weight: bolder; color: #000000;\"><span style=\"color: #000000;\"><span style=\"font-weight: normal;\">,\u00a0<\/span><\/span><\/strong><strong style=\"font-weight: bolder; color: #000000;\"><span style=\"color: #000000;\"><span style=\"font-weight: normal;\">hasta el s\u00e1bado 22 de agosto<\/span><\/span><\/strong><strong style=\"font-weight: bolder; color: #000000;\"><span style=\"color: #000000;\"><span style=\"font-weight: normal;\">.<\/span><\/span><\/strong><!--more--><\/p>\n<p><span style=\"color: #14171a;\">El equipo del CEAZA-Met, tras el monitoreo constante de las condiciones meteorol\u00f3gicas de la Regi\u00f3n de Coquimbo, ha actualizado la alerta por bajas temperaturas y heladas locales que se extender\u00e1n hasta este s\u00e1bado 22 de agosto.<\/span><\/p>\n","protected":false},"excerpt":{"rendered":"<p>Se espera\u00a0que contin\u00faen las\u00a0bajas temperaturas y\u00a0las\u00a0heladas locales\u00a0en los valles de la Regi\u00f3n de Coquimbo,\u00a0as\u00ed como tambi\u00e9n en los valles m\u00e1s cercanos a la costa\u00a0de la provincia de Limar\u00ed,\u00a0hasta el s\u00e1bado 22 de agosto.<\/p>\n","protected":false},"author":2,"featured_media":3473,"comment_status":"open","ping_status":"open","sticky":false,"template":"","format":"standard","meta":{"footnotes":""},"categories":[3],"tags":[],"class_list":["post-3472","post","type-post","status-publish","format-standard","has-post-thumbnail","hentry","category-actualidad"],"_links":{"self":[{"href":"https:\/\/www.radiolimari.cl\/index.php?rest_route=\/wp\/v2\/posts\/3472","targetHints":{"allow":["GET"]}}],"collection":[{"href":"https:\/\/www.radiolimari.cl\/index.php?rest_route=\/wp\/v2\/posts"}],"about":[{"href":"https:\/\/www.radiolimari.cl\/index.php?rest_route=\/wp\/v2\/types\/post"}],"author":[{"embeddable":true,"href":"https:\/\/www.radiolimari.cl\/index.php?rest_route=\/wp\/v2\/users\/2"}],"replies":[{"embeddable":true,"href":"https:\/\/www.radiolimari.cl\/index.php?rest_route=%2Fwp%2Fv2%2Fcomments&post=3472"}],"version-history":[{"count":2,"href":"https:\/\/www.radiolimari.cl\/index.php?rest_route=\/wp\/v2\/posts\/3472\/revisions"}],"predecessor-version":[{"id":3475,"href":"https:\/\/www.radiolimari.cl\/index.php?rest_route=\/wp\/v2\/posts\/3472\/revisions\/3475"}],"wp:featuredmedia":[{"embeddable":true,"href":"https:\/\/www.radiolimari.cl\/index.php?rest_route=\/wp\/v2\/media\/3473"}],"wp:attachment":[{"href":"https:\/\/www.radiolimari.cl\/index.php?rest_route=%2Fwp%2Fv2%2Fmedia&parent=3472"}],"wp:term":[{"taxonomy":"category","embeddable":true,"href":"https:\/\/www.radiolimari.cl\/index.php?rest_route=%2Fwp%2Fv2%2Fcategories&post=3472"},{"taxonomy":"post_tag","embeddable":true,"href":"https:\/\/www.radiolimari.cl\/index.php?rest_route=%2Fwp%2Fv2%2Ftags&post=3472"}],"curies":[{"name":"wp","href":"https:\/\/api.w.org\/{rel}","templated":true}]}}