{"id":3456,"date":"2020-08-20T15:13:07","date_gmt":"2020-08-20T15:13:07","guid":{"rendered":"http:\/\/www.radiolimari.cl\/?p=3456"},"modified":"2020-08-20T15:13:07","modified_gmt":"2020-08-20T15:13:07","slug":"seremi-de-energia-valora-que-eliminacion-de-horario-punta-y-limite-de-invierno-apoye-a-familias-aprs-y-pequenas-faenas","status":"publish","type":"post","link":"https:\/\/www.radiolimari.cl\/?p=3456","title":{"rendered":"Seremi de Energ\u00eda valora que eliminaci\u00f3n de horario punta y l\u00edmite de invierno apoye a familias, APRs y peque\u00f1as faenas"},"content":{"rendered":"<p><a href=\"https:\/\/www.radiolimari.cl\/wp-content\/uploads\/2020\/08\/20.08-energia-hora-punta.jpg\"><img fetchpriority=\"high\" decoding=\"async\" class=\"alignnone size-medium wp-image-3457\" src=\"https:\/\/www.radiolimari.cl\/wp-content\/uploads\/2020\/08\/20.08-energia-hora-punta-300x205.jpg\" alt=\"20.08 energia hora punta\" width=\"300\" height=\"205\" srcset=\"https:\/\/www.radiolimari.cl\/wp-content\/uploads\/2020\/08\/20.08-energia-hora-punta-300x205.jpg 300w, https:\/\/www.radiolimari.cl\/wp-content\/uploads\/2020\/08\/20.08-energia-hora-punta.jpg 1024w\" sizes=\"(max-width: 300px) 100vw, 300px\" \/><\/a><\/p>\n<p><b style=\"color: #000000;\"><span style=\"color: #201f1e;\">Secretario Regional de la cartera, \u00c1lvaro Herrera, indic\u00f3 que la medida reduce el costo de consumir electricidad en ciertos horarios y permite a las industrias reacomodar sus turnos de operaci\u00f3n a las restricciones del Covid 19.<\/span><\/b><!--more--><\/p>\n<p style=\"font-weight: 400;\">Como una importante se\u00f1al de apoyo a la situaci\u00f3n de las familias, industrias y empresas de la Regi\u00f3n, calific\u00f3 el Seremi de Energ\u00eda, \u00c1lvaro Herrera, la determinaci\u00f3n del Ministerio del ramo que\u00a0elimin\u00f3 la medici\u00f3n del horario de punta durante agosto y septiembre y la suspensi\u00f3n del recargo por energ\u00eda adicional de invierno.<\/p>\n<p style=\"font-weight: 400;\">Dicha medida tiene tres\u00a0\u00a0beneficios: \u201cfomenta la actividad econ\u00f3mica, protege el empleo y cuida el presupuesto familiar\u201d, explic\u00f3 el ministro Juan Carlos Jobet, quien agreg\u00f3 que a nivel de las Pymes, comercio e industrias, permite compatibilizar mejor los turnos de trabajo con las restricciones de las cuarentas, toques de queda y resguardos sanitarios, lo que ayudar\u00e1 a dar un impulso a la econom\u00eda; en el plano de los hogares, permite evitar que el aumento excepcional del consumo generado en la pandemia sufra un recargo que impacte la cuenta el\u00e9ctrica por l\u00edmite de invierno. Las personas est\u00e1n pasando m\u00e1s tiempo en sus casas, por lo que es esperable que consuman m\u00e1s energ\u00eda. Esta medida es un alivio a los presupuestos familiares en tiempos dif\u00edciles\u201d.<\/p>\n<p style=\"font-weight: 400;\">En la Regi\u00f3n de Coquimbo se beneficiar\u00e1 a miles de instalaciones de empresas de diferentes \u00e1reas productivas que ve\u00edan incrementados sus costos a ra\u00edz de estas mediciones. El Seremi de Energ\u00eda \u00c1lvaro Herrera indic\u00f3 que \u00abesto representa un importante alivio para aquellos sectores productivos como la pesca, la agricultura y la peque\u00f1a miner\u00eda, que podr\u00e1n flexibilizar los horarios para realizar dichas labores durante el horario punta, que va entre las 18:00 y las 22:00 horas de abril y septiembre\u201d.<\/p>\n<p style=\"font-weight: 400;\">Asimismo, el Seremi indic\u00f3 que la eliminaci\u00f3n del cobro de horario de punta tendr\u00e1 impacto directo en los comit\u00e9s de agua potable rural.<\/p>\n<p style=\"font-weight: 400;\">En el caso de los hogares, \u201cesta medida viene a resolver y hacerse cargo del consumo extra que se genera al tener una mayor permanencia de las familias en las casas; al eliminar el l\u00edmite de invierno\u00a0no se genera el probable sobre consumo que se deriva por la mayor demanda el\u00e9ctrica en las viviendas\u201d.<\/p>\n<p style=\"font-weight: 400;\">\u00a0Cabe mencionar que desde el inicio de la crisis sanitaria se han desplegado esfuerzos para apoyar a los comercios, industrias y familias, a enfrentar sus consecuencias econ\u00f3micas. De hecho en marzo se anunci\u00f3 el no corte de luz por deuda, en abril la eliminaci\u00f3n del horario punta y del l\u00edmite de invierno. Y ahora la ampliaci\u00f3n de este beneficio para agosto y septiembre, \u201clo que va directamente a apoyar la reactivaci\u00f3n econ\u00f3mica y el bolsillo familiar\u201d, se\u00f1al\u00f3 el Seremi.<\/p>\n<p style=\"font-weight: 400;\">Por \u00faltimo, la autoridad dej\u00f3 claro \u201cla duda que muchos nos hacen llegar, de que esta medida es de car\u00e1cter autom\u00e1tico y ya est\u00e1 puesta en pr\u00e1ctica\u201d.<\/p>\n<p style=\"font-weight: 400;\"><strong>\u00a0<\/strong><\/p>\n<p style=\"font-weight: 400;\"><strong>QU\u00c9 SON LAS \u201cHORAS PUNTA\u201d\u00a0<\/strong><\/p>\n<p style=\"font-weight: 400;\">\u00a0Las \u201cHoras Punta\u201d son aquellas en las que el sistema el\u00e9ctrico presenta sus mayores niveles de consumo. Hist\u00f3ricamente estas han correspondido al per\u00edodo comprendido entre las 18:00 a 22:00 horas, entre abril y septiembre.<\/p>\n<p style=\"font-weight: 400;\">El control de demanda en horas de punta entrega una se\u00f1al de precio en per\u00edodos de mayor exigencia del sistema, para que los clientes racionalicen su consumo el\u00e9ctrico. Pero hoy la importante ca\u00edda que ha tenido la demanda el\u00e9ctrica genera la holgura necesaria para liberar esta medici\u00f3n de forma excepcional.<\/p>\n<p>&nbsp;<\/p>\n","protected":false},"excerpt":{"rendered":"<p>Secretario Regional de la cartera, \u00c1lvaro Herrera, indic\u00f3 que la medida reduce el costo de consumir electricidad en ciertos horarios y permite a las industrias reacomodar sus turnos de operaci\u00f3n a las restricciones del Covid 19.<\/p>\n","protected":false},"author":2,"featured_media":3457,"comment_status":"open","ping_status":"open","sticky":false,"template":"","format":"standard","meta":{"footnotes":""},"categories":[6],"tags":[],"class_list":["post-3456","post","type-post","status-publish","format-standard","has-post-thumbnail","hentry","category-regionales"],"_links":{"self":[{"href":"https:\/\/www.radiolimari.cl\/index.php?rest_route=\/wp\/v2\/posts\/3456","targetHints":{"allow":["GET"]}}],"collection":[{"href":"https:\/\/www.radiolimari.cl\/index.php?rest_route=\/wp\/v2\/posts"}],"about":[{"href":"https:\/\/www.radiolimari.cl\/index.php?rest_route=\/wp\/v2\/types\/post"}],"author":[{"embeddable":true,"href":"https:\/\/www.radiolimari.cl\/index.php?rest_route=\/wp\/v2\/users\/2"}],"replies":[{"embeddable":true,"href":"https:\/\/www.radiolimari.cl\/index.php?rest_route=%2Fwp%2Fv2%2Fcomments&post=3456"}],"version-history":[{"count":1,"href":"https:\/\/www.radiolimari.cl\/index.php?rest_route=\/wp\/v2\/posts\/3456\/revisions"}],"predecessor-version":[{"id":3458,"href":"https:\/\/www.radiolimari.cl\/index.php?rest_route=\/wp\/v2\/posts\/3456\/revisions\/3458"}],"wp:featuredmedia":[{"embeddable":true,"href":"https:\/\/www.radiolimari.cl\/index.php?rest_route=\/wp\/v2\/media\/3457"}],"wp:attachment":[{"href":"https:\/\/www.radiolimari.cl\/index.php?rest_route=%2Fwp%2Fv2%2Fmedia&parent=3456"}],"wp:term":[{"taxonomy":"category","embeddable":true,"href":"https:\/\/www.radiolimari.cl\/index.php?rest_route=%2Fwp%2Fv2%2Fcategories&post=3456"},{"taxonomy":"post_tag","embeddable":true,"href":"https:\/\/www.radiolimari.cl\/index.php?rest_route=%2Fwp%2Fv2%2Ftags&post=3456"}],"curies":[{"name":"wp","href":"https:\/\/api.w.org\/{rel}","templated":true}]}}