{"id":3454,"date":"2020-08-20T01:47:20","date_gmt":"2020-08-20T01:47:20","guid":{"rendered":"http:\/\/www.radiolimari.cl\/?p=3454"},"modified":"2020-08-20T01:47:20","modified_gmt":"2020-08-20T01:47:20","slug":"alcalde-claudio-renteria-tenemos-que-ser-responsables-para-que-los-casos-activos-disminuyan-y-logremos-revertir-la-cuarentena-en-el-menor-tiempo-posible","status":"publish","type":"post","link":"https:\/\/www.radiolimari.cl\/?p=3454","title":{"rendered":"Alcalde Claudio Renter\u00eda  \u201cTenemos que ser responsables para que los casos activos disminuyan, y logremos revertir la cuarentena en el menor tiempo posible\u201d"},"content":{"rendered":"<p><a href=\"https:\/\/www.radiolimari.cl\/wp-content\/uploads\/2020\/08\/6.08-feria.jpg\"><img decoding=\"async\" class=\"alignnone size-medium wp-image-3252\" src=\"https:\/\/www.radiolimari.cl\/wp-content\/uploads\/2020\/08\/6.08-feria-300x145.jpg\" alt=\"6.08 feria\" width=\"300\" height=\"145\" srcset=\"https:\/\/www.radiolimari.cl\/wp-content\/uploads\/2020\/08\/6.08-feria-300x145.jpg 300w, https:\/\/www.radiolimari.cl\/wp-content\/uploads\/2020\/08\/6.08-feria.jpg 1024w\" sizes=\"(max-width: 300px) 100vw, 300px\" \/><\/a><\/p>\n<p><strong><em>La autoridad comunal indic\u00f3 que es muy importante que la ciudadan\u00eda utilice de buena forma los permisos para desplazarse, porque esta ser\u00e1 la \u00fanica manera de salir de la cuarentena y que esta no se extienda como ha sucedido en otras zonas del pa\u00eds. <\/em><\/strong><!--more--><\/p>\n<p>Es la medida m\u00e1s restrictiva del plan Paso a Paso del Gobierno y desde el viernes 21 de agosto a las 23:00 horas, Ovalle se suma a las comunas en cuarentena en el territorio nacional. Esto, debido al aumento de casos activos registrados en las \u00faltimas tres semanas, de acuerdo a lo se\u00f1alado por el propio ministro de Salud, Enrique Paris, en el reporte de hoy.<\/p>\n<p>De este modo, el territorio comunal, urbano y rural, entrar\u00e1 en cuarentena total. El alcalde de Ovalle, Claudio Renter\u00eda se refiri\u00f3 a este tema, solicitando a la comunidad tomar con calma esta medida, indicando que \u201clos recintos de abastecimiento permanecer\u00e1n abiertos, por lo que es importante no agolparse ni acudir masivamente a estos lugares, dado que existen permisos para realizar estas compras y otros tr\u00e1mites, con prudencia\u201d.<\/p>\n<p>Recordemos que en cuarentena se mantienen en funcionamiento:\u00a0farmacias y supermercados; adem\u00e1s de otros lugares de abastecimiento de alimentos y productos b\u00e1sicos, as\u00ed como tambi\u00e9n centros de salud y establecimientos de servicio p\u00fablico, manteniendo el resguardo y cumplimiento de las\u00a0medidas y protocolos sanitarios\u00a0establecidos.<\/p>\n<p>&nbsp;<\/p>\n<p>\u201cTenemos que ser responsables para que los casos activos disminuyan y logremos revertir la cuarentena en el menor tiempo posible\u201d, expres\u00f3 el alcalde de Ovalle, Claudio Renter\u00eda.<\/p>\n<p>A partir de este anuncio, los ovallinos deber\u00e1n solicitar los permisos respectivos para poder desplazarse y salir a comprar productos de primera necesidad, tr\u00e1mite que se efect\u00faa en el sitio web <a href=\"http:\/\/www.comisariavirtual.cl\">www.comisariavirtual.cl<\/a><\/p>\n<p>Al respecto, la autoridad comunal se\u00f1al\u00f3 que la idea es \u201cestar tranquilos y evitar las aglomeraciones que es una de las principales causas del aumento de contagios. Todos debemos contribuir para que la cuarentena no se extienda por m\u00e1s de dos semanas, as\u00ed es que hago un llamado a los ovallinos a ocupar de buena forma los permisos y evitar salir si no es estrictamente necesario\u201d.<\/p>\n<p>Desde que se inici\u00f3 la pandemia el municipio de Ovalle ha hecho un trabajo sostenido en lo referente a medidas preventivas y de cuidado de la ciudadan\u00eda. \u00abImplementamos planes de acci\u00f3n y reforzamos los controles y fiscalizaciones, mediante un trabajo conjunto con el Gobierno, el Ej\u00e9rcito, las polic\u00edas y autoridades de salud. Logramos revertir en un momento el alto n\u00famero de casos activos, sin embargo, esta situaci\u00f3n cambi\u00f3 durante las \u00faltimas semanas y experimentamos un incremento llegando a 256 casos activos, que, finalmente, nos lleva sumarnos a las comunas en cuarentena\u00bb.<\/p>\n<p>Recordemos, que en las comunas en esta condici\u00f3n funcionan farmacias, supermercados, ferreter\u00edas, almacenes y otros lugares de abastecimiento de alimentos y productos b\u00e1sicos. Adem\u00e1s de centros de salud, y establecimientos de servicio p\u00fablico, todo ello siguiendo los protocolos establecidos.<\/p>\n<p>&nbsp;<\/p>\n<p>Las medidas asociadas a este decreto de cuarentena ser\u00e1n informadas, a trav\u00e9s de los canales oficiales y redes sociales del municipio de Ovalle.<\/p>\n","protected":false},"excerpt":{"rendered":"<p>La autoridad comunal indic\u00f3 que es muy importante que la ciudadan\u00eda utilice de buena forma los permisos para desplazarse, porque esta ser\u00e1 la \u00fanica manera de salir de la cuarentena y que esta no se extienda como ha sucedido en otras zonas del pa\u00eds.<\/p>\n","protected":false},"author":2,"featured_media":3252,"comment_status":"open","ping_status":"open","sticky":false,"template":"","format":"standard","meta":{"footnotes":""},"categories":[5],"tags":[],"class_list":["post-3454","post","type-post","status-publish","format-standard","has-post-thumbnail","hentry","category-actualidad-limarina"],"_links":{"self":[{"href":"https:\/\/www.radiolimari.cl\/index.php?rest_route=\/wp\/v2\/posts\/3454","targetHints":{"allow":["GET"]}}],"collection":[{"href":"https:\/\/www.radiolimari.cl\/index.php?rest_route=\/wp\/v2\/posts"}],"about":[{"href":"https:\/\/www.radiolimari.cl\/index.php?rest_route=\/wp\/v2\/types\/post"}],"author":[{"embeddable":true,"href":"https:\/\/www.radiolimari.cl\/index.php?rest_route=\/wp\/v2\/users\/2"}],"replies":[{"embeddable":true,"href":"https:\/\/www.radiolimari.cl\/index.php?rest_route=%2Fwp%2Fv2%2Fcomments&post=3454"}],"version-history":[{"count":1,"href":"https:\/\/www.radiolimari.cl\/index.php?rest_route=\/wp\/v2\/posts\/3454\/revisions"}],"predecessor-version":[{"id":3455,"href":"https:\/\/www.radiolimari.cl\/index.php?rest_route=\/wp\/v2\/posts\/3454\/revisions\/3455"}],"wp:featuredmedia":[{"embeddable":true,"href":"https:\/\/www.radiolimari.cl\/index.php?rest_route=\/wp\/v2\/media\/3252"}],"wp:attachment":[{"href":"https:\/\/www.radiolimari.cl\/index.php?rest_route=%2Fwp%2Fv2%2Fmedia&parent=3454"}],"wp:term":[{"taxonomy":"category","embeddable":true,"href":"https:\/\/www.radiolimari.cl\/index.php?rest_route=%2Fwp%2Fv2%2Fcategories&post=3454"},{"taxonomy":"post_tag","embeddable":true,"href":"https:\/\/www.radiolimari.cl\/index.php?rest_route=%2Fwp%2Fv2%2Ftags&post=3454"}],"curies":[{"name":"wp","href":"https:\/\/api.w.org\/{rel}","templated":true}]}}