{"id":3451,"date":"2020-08-19T23:21:03","date_gmt":"2020-08-19T23:21:03","guid":{"rendered":"http:\/\/www.radiolimari.cl\/?p=3451"},"modified":"2020-08-19T23:21:03","modified_gmt":"2020-08-19T23:21:03","slug":"cuarentenaenovalle-intendenta-lucia-pinto-tenemos-que-hacer-este-sacrificio-para-que-podamos-salvar-cientos-de-vidas","status":"publish","type":"post","link":"https:\/\/www.radiolimari.cl\/?p=3451","title":{"rendered":"#CuarentenaEnOvalle: Intendenta Luc\u00eda Pinto: \u201cTenemos que hacer este sacrificio para que podamos salvar cientos de vidas\u201d"},"content":{"rendered":"<p><a href=\"https:\/\/www.radiolimari.cl\/wp-content\/uploads\/2020\/08\/19.08-intendenta.jpeg\"><img decoding=\"async\" class=\"alignnone size-medium wp-image-3452\" src=\"https:\/\/www.radiolimari.cl\/wp-content\/uploads\/2020\/08\/19.08-intendenta-300x149.jpeg\" alt=\"19.08 intendenta\" width=\"300\" height=\"149\" srcset=\"https:\/\/www.radiolimari.cl\/wp-content\/uploads\/2020\/08\/19.08-intendenta-300x149.jpeg 300w, https:\/\/www.radiolimari.cl\/wp-content\/uploads\/2020\/08\/19.08-intendenta.jpeg 1024w\" sizes=\"(max-width: 300px) 100vw, 300px\" \/><\/a><\/p>\n<p>&#8211;\u00a0\u00a0\u00a0\u00a0\u00a0\u00a0 <strong><em>Este viernes a las 23 horas comenzar\u00e1 a regir una cuarentena total para la Ovalle. La m\u00e1xima autoridad regional llam\u00f3 a evitar aglomeraciones en el comercio en las horas previas a esta medida: \u201cest\u00e1 asegurado el abastecimiento para que la comuna funcione correctamente\u201d, dijo.<\/em><\/strong><!--more--><\/p>\n<p>Debido al aumento sostenido de los casos de contagio por coronavirus en Ovalle, el Gobierno tom\u00f3 la determinaci\u00f3n de implementar una cuarentena total para la capital de la Provincia de Limar\u00ed.<\/p>\n<p>&nbsp;<\/p>\n<p>Una medida que, indic\u00f3 la Intendenta de la Regi\u00f3n de Coquimbo, Luc\u00eda Pinto, comenzar\u00e1 a regir este viernes 21 de agosto a partir de las 23 horas.<\/p>\n<p>&nbsp;<\/p>\n<p><strong>\u201cSi bien, en un comienzo, y pese a todas las medidas que se adoptaron, mediante el Gobierno, El Ej\u00e9rcito y Carabineros, y con apoyo del Alcalde Claudio Renter\u00eda, tuvimos cifras positivas y logamos mantener y contener el aumento de contagios, hoy estamos viendo un incremento constante\u201d<\/strong>, indic\u00f3 la autoridad regional.<\/p>\n<p>&nbsp;<\/p>\n<p>Y es que durante la \u00faltima semana la tasa de positividad de los contagios en esta comuna lleg\u00f3 a un 20%. Mientras que este mi\u00e9rcoles, la Seremi de Salud inform\u00f3 de 23 nuevos casos de Covid positivo a nivel local, acumulando 256 activos.<\/p>\n<p>&nbsp;<\/p>\n<p>La Intendenta Pinto hizo un llamado a la calma a los vecinos de Ovalle, y tambi\u00e9n a todo Limar\u00ed, para que eviten aglomeraciones de personas en horas previas a la implementaci\u00f3n de esta medida.<\/p>\n<p>&nbsp;<\/p>\n<p><strong>\u201cSeamos responsables, eso es lo m\u00e1s importante. Aprendamos de los errores que se han cometido. Y en las pr\u00f3ximas 48 horas, evitemos ir a lugares de gran aglomeraci\u00f3n, porque la comuna y la provincia estar\u00e1n abastecidas de alimentos, combustible y todo lo esencial para que la ciudad funcione correctamente\u201d<\/strong>, sostuvo.<\/p>\n<p>&nbsp;<\/p>\n<p>Ovalle es la tercera comuna de la Regi\u00f3n de Coquimbo en ser objeto del confinamiento, tras La Serena y Coquimbo. Bajo este escenario, la m\u00e1xima autoridad regional coment\u00f3 que si bien no se tiene claro cu\u00e1nto va a durar esta cuarentena, superarla depender\u00e1 del comportamiento de las personas.<\/p>\n<p>&nbsp;<\/p>\n<p><strong>\u201cLa cuarentena, y ya lo hemos visto especialmente en la conurbaci\u00f3n, conlleva un enorme sacrificio, para los comerciantes, para la locomoci\u00f3n colectiva, para cientos de emprendedores y todas las personas que viven su d\u00eda a d\u00eda. Tambi\u00e9n tiene sacrificios personales muy grandes. Pero el \u00e9xito que tenga esta dolorosa medida, est\u00e1 en nuestro poder. Tenemos que hacer que este sacrificio se transforme en cientos de vidas salvadas, vidas que hoy, debido a los contagios, est\u00e1n en riesgo\u201d<\/strong>, subray\u00f3.<\/p>\n<p>&nbsp;<\/p>\n<p>En <a href=\"http:\/\/www.comisariavirtual.cl\">www.comisariavirtual.cl<\/a> se encontrar\u00e1n todos los permisos e informaci\u00f3n respectiva para realizar tr\u00e1mites y desplazamientos, en caso que sea necesario.<\/p>\n","protected":false},"excerpt":{"rendered":"<p>&#8211;\u00a0\u00a0\u00a0\u00a0\u00a0\u00a0 Este viernes a las 23 horas comenzar\u00e1 a regir una cuarentena total para la Ovalle. La m\u00e1xima autoridad regional llam\u00f3 a evitar aglomeraciones en el comercio en las horas previas a esta medida: \u201cest\u00e1 asegurado el abastecimiento para que la comuna funcione correctamente\u201d, dijo.<\/p>\n","protected":false},"author":2,"featured_media":3452,"comment_status":"open","ping_status":"open","sticky":false,"template":"","format":"standard","meta":{"footnotes":""},"categories":[3],"tags":[],"class_list":["post-3451","post","type-post","status-publish","format-standard","has-post-thumbnail","hentry","category-actualidad"],"_links":{"self":[{"href":"https:\/\/www.radiolimari.cl\/index.php?rest_route=\/wp\/v2\/posts\/3451","targetHints":{"allow":["GET"]}}],"collection":[{"href":"https:\/\/www.radiolimari.cl\/index.php?rest_route=\/wp\/v2\/posts"}],"about":[{"href":"https:\/\/www.radiolimari.cl\/index.php?rest_route=\/wp\/v2\/types\/post"}],"author":[{"embeddable":true,"href":"https:\/\/www.radiolimari.cl\/index.php?rest_route=\/wp\/v2\/users\/2"}],"replies":[{"embeddable":true,"href":"https:\/\/www.radiolimari.cl\/index.php?rest_route=%2Fwp%2Fv2%2Fcomments&post=3451"}],"version-history":[{"count":1,"href":"https:\/\/www.radiolimari.cl\/index.php?rest_route=\/wp\/v2\/posts\/3451\/revisions"}],"predecessor-version":[{"id":3453,"href":"https:\/\/www.radiolimari.cl\/index.php?rest_route=\/wp\/v2\/posts\/3451\/revisions\/3453"}],"wp:featuredmedia":[{"embeddable":true,"href":"https:\/\/www.radiolimari.cl\/index.php?rest_route=\/wp\/v2\/media\/3452"}],"wp:attachment":[{"href":"https:\/\/www.radiolimari.cl\/index.php?rest_route=%2Fwp%2Fv2%2Fmedia&parent=3451"}],"wp:term":[{"taxonomy":"category","embeddable":true,"href":"https:\/\/www.radiolimari.cl\/index.php?rest_route=%2Fwp%2Fv2%2Fcategories&post=3451"},{"taxonomy":"post_tag","embeddable":true,"href":"https:\/\/www.radiolimari.cl\/index.php?rest_route=%2Fwp%2Fv2%2Ftags&post=3451"}],"curies":[{"name":"wp","href":"https:\/\/api.w.org\/{rel}","templated":true}]}}