{"id":3448,"date":"2020-08-18T20:02:24","date_gmt":"2020-08-18T20:02:24","guid":{"rendered":"http:\/\/www.radiolimari.cl\/?p=3448"},"modified":"2020-08-18T20:02:24","modified_gmt":"2020-08-18T20:02:24","slug":"profesionales-clinicos-de-italia-se-reunieron-con-equipos-de-salud-del-hospital-provincial-de-ovalle","status":"publish","type":"post","link":"https:\/\/www.radiolimari.cl\/?p=3448","title":{"rendered":"Profesionales cl\u00ednicos de Italia se reunieron con equipos de salud del Hospital Provincial de Ovalle"},"content":{"rendered":"<p><a href=\"https:\/\/www.radiolimari.cl\/wp-content\/uploads\/2020\/08\/18.08-Videoconferencia-con-profesionales-italianos-1.jpeg\"><img fetchpriority=\"high\" decoding=\"async\" class=\"alignnone size-medium wp-image-3449\" src=\"https:\/\/www.radiolimari.cl\/wp-content\/uploads\/2020\/08\/18.08-Videoconferencia-con-profesionales-italianos-1-300x199.jpeg\" alt=\"18.08 Videoconferencia con profesionales italianos (1)\" width=\"300\" height=\"199\" srcset=\"https:\/\/www.radiolimari.cl\/wp-content\/uploads\/2020\/08\/18.08-Videoconferencia-con-profesionales-italianos-1-300x199.jpeg 300w, https:\/\/www.radiolimari.cl\/wp-content\/uploads\/2020\/08\/18.08-Videoconferencia-con-profesionales-italianos-1-1024x682.jpeg 1024w, https:\/\/www.radiolimari.cl\/wp-content\/uploads\/2020\/08\/18.08-Videoconferencia-con-profesionales-italianos-1.jpeg 1280w\" sizes=\"(max-width: 300px) 100vw, 300px\" \/><\/a><\/p>\n<p>El grupo de m\u00e9dicos y enfermeras italianos est\u00e1n haciendo una pasant\u00eda en el pa\u00eds y aprovecharon de reunirse remotamente con los funcionarios del principal recinto asistencial de Limar\u00ed, para contarles su experiencia de trabajo durante la emergencia sanitaria producto del COVID-19.<!--more--><\/p>\n<p>Esta delegaci\u00f3n est\u00e1 visitando el pa\u00eds en el marco de la iniciativa \u201cItalia con Chile\u201d liderada por la Embajada de Italia y est\u00e1 conformada por siete profesionales de salud, cinco m\u00e9dicos especialistas en anestesiolog\u00eda, infectolog\u00eda y geriatr\u00eda; y dos enfermeras expertas en cuidados de pacientes complejos.<\/p>\n<p>&nbsp;<\/p>\n<p>El director del Hospital Provincial de Ovalle, Lorenzo Soto, coment\u00f3 que \u201cconocer la experiencia internacional es de suma importancia para nuestros equipos de salud, sobre todo cuando se trata de Italia, pa\u00eds que sufri\u00f3 mucho con las consecuencias de esta pandemia\u201d.<\/p>\n<p>&nbsp;<\/p>\n<p>Por su parte la Dra. Elisa Nanino, geriatra de la delegaci\u00f3n de profesionales italianos, coment\u00f3 que \u201clos colegas de Ovalle estuvieron bien preparados, el di\u00e1logo fue al mismo nivel. Nosotros intentamos dejar nuestros conocimientos a ellos, pero nosotros tambi\u00e9n aprendimos cosas de los de Ovalle, as\u00ed que fue muy positivo, el di\u00e1logo fue muy productivo y estoy muy feliz como mis colegas, de haber tenido esta oportunidad\u201d.<\/p>\n<p>&nbsp;<\/p>\n<p>La doctora Nanino trabaj\u00f3 en la regi\u00f3n de Lombard\u00eda, una de las regiones m\u00e1s afectadas por la pandemia en Italia y asegura que estar aqu\u00ed compartiendo sus conocimientos y experiencia \u201ces una manera de ser solidario con colegas que tienen los mismos problemas que tuvimos nosotros\u201d.<\/p>\n<p>&nbsp;<\/p>\n<p>Este grupo de profesionales italianos se desempe\u00f1an en centros de salud general y en el Instituto Nacional de Enfermedades Infecciosas Lazzaro Spallanzani, uno de los centros europeos de excelencia en materia de lucha contra patolog\u00edas de alto componente infeccioso y que ha tenido un rol preponderante en el manejo de pacientes afectados por el COVID-19.<\/p>\n<p>&nbsp;<\/p>\n<p>Para la transmisi\u00f3n del video conferencia el Hospital Provincial de Ovalle dispuso de distintos puntos de emisi\u00f3n para que sus equipos de salud pudiesen verla e interactuar con la delegaci\u00f3n italiana. Tanto en la Unidad de Pacientes Cr\u00edticos del recinto, en el Hospital de Contingencia y el sal\u00f3n auditorio, los profesionales pudieron asistir, mientras una gran mayor\u00eda pudo acceder a la conferencia en domicilios, oficinas y salas de reuniones, con el fin de evitar aglomeraciones de personas.<\/p>\n<p>&nbsp;<\/p>\n<p>El Dr. Rodolfo Arias, m\u00e9dico jefe de la Unidad de Paciente Cr\u00edtico del Hospital (UPC), se\u00f1al\u00f3 que \u201ctuvimos la oportunidad de poder interactuar con ellos, aclarar algunas dudas sobre el manejo de los pacientes cuando ellos estuvieron con su emergencia sanitaria\u201d.<\/p>\n<p>&nbsp;<\/p>\n<p>El doctor Arias coment\u00f3 que \u201clo que hicieron ellos no dista de mucha diferencia con lo que estamos haciendo actualmente en Chile y aqu\u00ed precisamente en Ovalle; eso nos fortifica y nos da el a liento suficiente como para poder seguir adelante en la lucha contra el COVID-19\u201d.<\/p>\n<p>&nbsp;<\/p>\n<p>La experiencia italiana<\/p>\n<p>&nbsp;<\/p>\n<p>En Italia lo pasaron muy mal con la pandemia, fue uno de los primeros pa\u00edses de occidente en tener contagios por el nuevo coronavirus y el n\u00famero de fallecidos lleg\u00f3 a m\u00e1s de 30 mil personas. Es por esto que la experiencia de los equipos de salud de este pa\u00eds es fundamental para el resto del mundo, ya que hoy d\u00eda la situaci\u00f3n en esa zona parece estar un poco m\u00e1s contenida.<\/p>\n<p>&nbsp;<\/p>\n<p>Tanto as\u00ed que han empezado por pasar a una etapa de desconfinamiento de algunos sectores.<\/p>\n<p>&nbsp;<\/p>\n<p>Frente a esto la Dra. Elisa Nanino comenta que \u201cel cansancio era y es mucho, porque seguimos luchando, ahora la situaci\u00f3n es un poco mejor, pero siempre hay que tener la guarda en alto\u201d.<\/p>\n<p>&nbsp;<\/p>\n<p>Respecto a la gravedad de los estragos que dej\u00f3 la pandemia, la profesional explica que \u201cfue dif\u00edcil acostumbrarse a ver tantos muertos\u2026 no est\u00e1bamos acostumbrados a ver tanta gente que fallec\u00eda\u201d.<\/p>\n<p>&nbsp;<\/p>\n<p>Despu\u00e9s de vivir esos duros momentos, ella es enf\u00e1tica en se\u00f1alar su descontento respecto a las personas que no hacen caso de los llamados de prevenci\u00f3n. \u201cTengo una sensaci\u00f3n de un poquito de rabia, cuando veo a la gente que no se da cuenta de lo que ha pasado, como si se hubiesen olvidado que tuvimos centenares de muertos cada d\u00eda y ahora que la situaci\u00f3n es mejor, la gente de olvida\u201d.<\/p>\n<p>&nbsp;<\/p>\n<p>Respecto a qu\u00e9 mensaje le entregar\u00eda a los chilenos en base a su experiencia, la m\u00e9dico italiana dijo que \u201cla enfermedad s\u00ed existe, que no te pase a ti no significa que no existe, si alguien de tu familia tiene el virus es m\u00e1s f\u00e1cil entenderlo, pero no esperar\u00eda a que eso pase para entender que es una enfermedad grave&#8230; mi mensaje para la gente es que resistan, s\u00e9 que el lockdown (cuarentena) es dif\u00edcil, pero tienen que resistir\u201d<\/p>\n<p>&nbsp;<\/p>\n<p>\u201cNo existe vacuna, medicamento, ni tratamiento para esta enfermedad\u201d, consign\u00f3 la doctora, as\u00ed que la cura de momento es \u201cs\u00f3lo quedarse en casa\u201d.<\/p>\n","protected":false},"excerpt":{"rendered":"<p>El grupo de m\u00e9dicos y enfermeras italianos est\u00e1n haciendo una pasant\u00eda en el pa\u00eds y aprovecharon de reunirse remotamente con los funcionarios del principal recinto asistencial de Limar\u00ed, para contarles su experiencia de trabajo durante la emergencia sanitaria producto del COVID-19.<\/p>\n","protected":false},"author":2,"featured_media":3449,"comment_status":"open","ping_status":"open","sticky":false,"template":"","format":"standard","meta":{"footnotes":""},"categories":[5],"tags":[],"class_list":["post-3448","post","type-post","status-publish","format-standard","has-post-thumbnail","hentry","category-actualidad-limarina"],"_links":{"self":[{"href":"https:\/\/www.radiolimari.cl\/index.php?rest_route=\/wp\/v2\/posts\/3448","targetHints":{"allow":["GET"]}}],"collection":[{"href":"https:\/\/www.radiolimari.cl\/index.php?rest_route=\/wp\/v2\/posts"}],"about":[{"href":"https:\/\/www.radiolimari.cl\/index.php?rest_route=\/wp\/v2\/types\/post"}],"author":[{"embeddable":true,"href":"https:\/\/www.radiolimari.cl\/index.php?rest_route=\/wp\/v2\/users\/2"}],"replies":[{"embeddable":true,"href":"https:\/\/www.radiolimari.cl\/index.php?rest_route=%2Fwp%2Fv2%2Fcomments&post=3448"}],"version-history":[{"count":1,"href":"https:\/\/www.radiolimari.cl\/index.php?rest_route=\/wp\/v2\/posts\/3448\/revisions"}],"predecessor-version":[{"id":3450,"href":"https:\/\/www.radiolimari.cl\/index.php?rest_route=\/wp\/v2\/posts\/3448\/revisions\/3450"}],"wp:featuredmedia":[{"embeddable":true,"href":"https:\/\/www.radiolimari.cl\/index.php?rest_route=\/wp\/v2\/media\/3449"}],"wp:attachment":[{"href":"https:\/\/www.radiolimari.cl\/index.php?rest_route=%2Fwp%2Fv2%2Fmedia&parent=3448"}],"wp:term":[{"taxonomy":"category","embeddable":true,"href":"https:\/\/www.radiolimari.cl\/index.php?rest_route=%2Fwp%2Fv2%2Fcategories&post=3448"},{"taxonomy":"post_tag","embeddable":true,"href":"https:\/\/www.radiolimari.cl\/index.php?rest_route=%2Fwp%2Fv2%2Ftags&post=3448"}],"curies":[{"name":"wp","href":"https:\/\/api.w.org\/{rel}","templated":true}]}}