{"id":3422,"date":"2020-08-17T17:26:49","date_gmt":"2020-08-17T17:26:49","guid":{"rendered":"http:\/\/www.radiolimari.cl\/?p=3422"},"modified":"2020-08-17T17:26:49","modified_gmt":"2020-08-17T17:26:49","slug":"gobernacion-de-limari-celebra-dia-del-nino-con-significativas-actividades","status":"publish","type":"post","link":"https:\/\/www.radiolimari.cl\/?p=3422","title":{"rendered":"Gobernaci\u00f3n de Limar\u00ed celebra d\u00eda del ni\u00f1o con significativas actividades"},"content":{"rendered":"<p><a href=\"https:\/\/www.radiolimari.cl\/wp-content\/uploads\/2020\/08\/17.08-DIA-DELNI\u00d1O-GOB-3.jpeg\"><img fetchpriority=\"high\" decoding=\"async\" class=\"alignnone size-medium wp-image-3423\" src=\"https:\/\/www.radiolimari.cl\/wp-content\/uploads\/2020\/08\/17.08-DIA-DELNI\u00d1O-GOB-3-300x225.jpeg\" alt=\"17.08 DIA DELNI\u00d1O GOB (3)\" width=\"300\" height=\"225\" srcset=\"https:\/\/www.radiolimari.cl\/wp-content\/uploads\/2020\/08\/17.08-DIA-DELNI\u00d1O-GOB-3-300x225.jpeg 300w, https:\/\/www.radiolimari.cl\/wp-content\/uploads\/2020\/08\/17.08-DIA-DELNI\u00d1O-GOB-3-1024x768.jpeg 1024w, https:\/\/www.radiolimari.cl\/wp-content\/uploads\/2020\/08\/17.08-DIA-DELNI\u00d1O-GOB-3.jpeg 1280w\" sizes=\"(max-width: 300px) 100vw, 300px\" \/><\/a><\/p>\n<p><strong><em>Reconocimiento a una menor destaca por su esfuerzo y obsequios para la comunidad migrante en Limar\u00ed<\/em><\/strong><!--more--><\/p>\n<p>Con dos significativas actividades la Gobernaci\u00f3n de Limar\u00ed celebr\u00f3 con la comunidad el d\u00eda del ni\u00f1o, entendiendo el contexto actual, estas actividades a diferencia de otros a\u00f1os no convocaron personas, pero cumplieron con el objetivo de llevar a alegr\u00eda a los m\u00e1s peque\u00f1os en medio de la pandemia que enfrentamos actualmente.<\/p>\n<p>En primer lugar, el gobernador de Limar\u00ed Iv\u00e1n Espinoza entreg\u00f3 un reconocimiento h obsequios a Javiera de 7 a\u00f1os. La peque\u00f1a fue destacada por la Gobernaci\u00f3n de Limar\u00ed como un ejemplo de valent\u00eda y esfuerzo, ya que hace un tiempo sufri\u00f3 un accidente por el cual casi pierde uno de sus ojos. Fue gracias al apoyo de los departamentos sociales de Gobernaci\u00f3n de Limar\u00ed y el Municipio de Ovalle, quienes con su aporte lograron costear la operaci\u00f3n de urgencia que requer\u00eda Javiera. La peque\u00f1a se recupera en su casa a la espera de una segunda intervenci\u00f3n y mantiene muy buen \u00e1nimo.<\/p>\n<p>El Gobernador le entreg\u00f3 obsequios y la felicit\u00f3 por su esp\u00edritu de superaci\u00f3n ante la dif\u00edcil situaci\u00f3n que vivi\u00f3, pero de la cual se recupera satisfactoriamente.<\/p>\n<p><strong>Alegr\u00eda a la poblaci\u00f3n migrante:<\/strong><\/p>\n<p>El equipo de Gobernaci\u00f3n entreg\u00f3 un peque\u00f1o obsequio a los ni\u00f1os hijos de migrantes en Chile, principalmente poblaci\u00f3n haitiana. Esta actividad llev\u00f3 alegr\u00eda algunas familias quienes recibieron de buena manera la actividad.<\/p>\n<p>Las casas visitadas estaban previamente catastradas por el departamento social de Gobernaci\u00f3n de Limar\u00ed para poder focalizar las visitas de manera efectiva. Cabe destacar que la actividad se realiz\u00f3 en las afueras de los hogares, respetando el distanciamiento f\u00edsico y evitando el contacto directo para prevenir contagios,<\/p>\n<p>\u201cA pesar de la contingencia que vivimos, quisimos entregar algunos gestos para motivar la alegr\u00eda de los m\u00e1s peque\u00f1os. Quedamos conformes con la recepci\u00f3n de la comunidad de las actividades que realizamos\u201d, se\u00f1al\u00f3 el Gobernador de Limar\u00ed, Iv\u00e1n Espinoza<\/p>\n","protected":false},"excerpt":{"rendered":"<p>Reconocimiento a una menor destaca por su esfuerzo y obsequios para la comunidad migrante en Limar\u00ed<\/p>\n","protected":false},"author":2,"featured_media":3423,"comment_status":"open","ping_status":"open","sticky":false,"template":"","format":"standard","meta":{"footnotes":""},"categories":[5],"tags":[],"class_list":["post-3422","post","type-post","status-publish","format-standard","has-post-thumbnail","hentry","category-actualidad-limarina"],"_links":{"self":[{"href":"https:\/\/www.radiolimari.cl\/index.php?rest_route=\/wp\/v2\/posts\/3422","targetHints":{"allow":["GET"]}}],"collection":[{"href":"https:\/\/www.radiolimari.cl\/index.php?rest_route=\/wp\/v2\/posts"}],"about":[{"href":"https:\/\/www.radiolimari.cl\/index.php?rest_route=\/wp\/v2\/types\/post"}],"author":[{"embeddable":true,"href":"https:\/\/www.radiolimari.cl\/index.php?rest_route=\/wp\/v2\/users\/2"}],"replies":[{"embeddable":true,"href":"https:\/\/www.radiolimari.cl\/index.php?rest_route=%2Fwp%2Fv2%2Fcomments&post=3422"}],"version-history":[{"count":1,"href":"https:\/\/www.radiolimari.cl\/index.php?rest_route=\/wp\/v2\/posts\/3422\/revisions"}],"predecessor-version":[{"id":3424,"href":"https:\/\/www.radiolimari.cl\/index.php?rest_route=\/wp\/v2\/posts\/3422\/revisions\/3424"}],"wp:featuredmedia":[{"embeddable":true,"href":"https:\/\/www.radiolimari.cl\/index.php?rest_route=\/wp\/v2\/media\/3423"}],"wp:attachment":[{"href":"https:\/\/www.radiolimari.cl\/index.php?rest_route=%2Fwp%2Fv2%2Fmedia&parent=3422"}],"wp:term":[{"taxonomy":"category","embeddable":true,"href":"https:\/\/www.radiolimari.cl\/index.php?rest_route=%2Fwp%2Fv2%2Fcategories&post=3422"},{"taxonomy":"post_tag","embeddable":true,"href":"https:\/\/www.radiolimari.cl\/index.php?rest_route=%2Fwp%2Fv2%2Ftags&post=3422"}],"curies":[{"name":"wp","href":"https:\/\/api.w.org\/{rel}","templated":true}]}}