{"id":3419,"date":"2020-08-17T17:07:54","date_gmt":"2020-08-17T17:07:54","guid":{"rendered":"http:\/\/www.radiolimari.cl\/?p=3419"},"modified":"2020-08-17T17:07:54","modified_gmt":"2020-08-17T17:07:54","slug":"gobernacion-de-limari-llama-a-postular-al-subsidio-especial-de-arriendo-clase-media","status":"publish","type":"post","link":"https:\/\/www.radiolimari.cl\/?p=3419","title":{"rendered":"Gobernaci\u00f3n de Limar\u00ed llama a postular al Subsidio especial de Arriendo Clase Media"},"content":{"rendered":"<p><a href=\"https:\/\/www.radiolimari.cl\/wp-content\/uploads\/2020\/08\/17.08-Gobernaci\u00f3n-de-Limar\u00ed-llama-a-postular-al-Subsidio-especial-de-Arriendo-Clase-Media.jpeg\"><img fetchpriority=\"high\" decoding=\"async\" class=\"alignnone size-medium wp-image-3420\" src=\"https:\/\/www.radiolimari.cl\/wp-content\/uploads\/2020\/08\/17.08-Gobernaci\u00f3n-de-Limar\u00ed-llama-a-postular-al-Subsidio-especial-de-Arriendo-Clase-Media-300x225.jpeg\" alt=\"17.08 Gobernaci\u00f3n de Limar\u00ed llama a postular al Subsidio especial de Arriendo Clase Media\" width=\"300\" height=\"225\" srcset=\"https:\/\/www.radiolimari.cl\/wp-content\/uploads\/2020\/08\/17.08-Gobernaci\u00f3n-de-Limar\u00ed-llama-a-postular-al-Subsidio-especial-de-Arriendo-Clase-Media-300x225.jpeg 300w, https:\/\/www.radiolimari.cl\/wp-content\/uploads\/2020\/08\/17.08-Gobernaci\u00f3n-de-Limar\u00ed-llama-a-postular-al-Subsidio-especial-de-Arriendo-Clase-Media-1024x768.jpeg 1024w, https:\/\/www.radiolimari.cl\/wp-content\/uploads\/2020\/08\/17.08-Gobernaci\u00f3n-de-Limar\u00ed-llama-a-postular-al-Subsidio-especial-de-Arriendo-Clase-Media.jpeg 1280w\" sizes=\"(max-width: 300px) 100vw, 300px\" \/><\/a><\/p>\n<p><strong><em>Beneficio de Gobierno ha sido flexibilizado para facilitar las postulaciones.<\/em><\/strong><!--more--><\/p>\n<p>El equipo de la Gobernaci\u00f3n de Limar\u00ed se ha desplegado a trav\u00e9s de diversas instancias de difusi\u00f3n para llamar a la poblaci\u00f3n de la provincia a postular al beneficio de Gobierno Subsidio Especial de Arriendo Clase Media, el cual busca apoyar a grupos familiares de ingresos bajos y medios, con complicaciones laborales.\u00a0Las postulaciones para lograr el beneficio ser\u00e1n hasta el 24 de agosto de 2020.\u00a0Para facilitar la entrega del beneficio, se elimin\u00f3 el Registro Social de Hogares (RSH) como requisito para postular.<\/p>\n<p>Debido a la importancia que tienen los beneficios sociales en el contexto actual, el equipo de Gobernaci\u00f3n de Limar\u00ed realiz\u00f3 una video conferencia, capacitando a m\u00e1s de 20 dirigentes sociales acerca del beneficio a trav\u00e9s de Gobierno en Terreno Virtual.<\/p>\n<p>\u201cHacemos un llamado a la comunidad a postular al Subsidio Especial de Arriendo para Clase Media porque entendemos que tener la seguridad de una vivienda donde se pueda desarrollar un hogar es una aspiraci\u00f3n de todas las familias chilenas y que cobra gran relevancia en el contexto actual que vivimos. Como Gobierno queremos apoyarlos en este anhelo y por ello hemos realizado un importante trabajo territorial para que la mayor parte de familias que lo requieran puedan acceder a este beneficio en nuestra provincia de Limar\u00ed\u201d, se\u00f1al\u00f3 el Gobernador de Limar\u00ed, Iv\u00e1n Espinoza.<\/p>\n<p>Este subsidio es \u00fanico en la historia del Ministerio de Vivienda y Urbanismo, son cerca de cien mil familias beneficiadas con un subsidio de hasta 250 mil pesos, pensados en arriendos de hasta 600 mil. Es por tres meses y va en ayuda directa de quienes se encuentran actualmente arrendando.<\/p>\n<p><strong>\u00bfCu\u00e1les son los requisitos para postular?<\/strong><br \/>\n\u2013 Demostrar p\u00e9rdida de empleo o baja de m\u00e1s del 30% de ingresos.<br \/>\n\u2013 No ser propietario de una vivienda (postulante o alg\u00fan integrante del n\u00facleo familiar)<br \/>\n\u2013 Acreditar un n\u00facleo familiar compuesto por al menos 2 personas (incluyendo al postulante)<br \/>\n\u2013 Estar arrendando una vivienda actualmente.<br \/>\n\u2013 Presentar los documentos de postulaci\u00f3n.<\/p>\n<p><strong>\u00bfC\u00f3mo se postula?<\/strong><br \/>\nEn www.minvu.cl. Adem\u00e1s, se ha dispuesto de asistencia remota a la postulaci\u00f3n en l\u00ednea a trav\u00e9s de redes sociales y asistencia telef\u00f3nica de Minvu Al\u00f3: 600 901 11 11 (desde tel\u00e9fono fijo) y 22 901 1111 (desde celulares).<\/p>\n<p>&nbsp;<\/p>\n","protected":false},"excerpt":{"rendered":"<p>Beneficio de Gobierno ha sido flexibilizado para facilitar las postulaciones.<\/p>\n","protected":false},"author":2,"featured_media":3420,"comment_status":"open","ping_status":"open","sticky":false,"template":"","format":"standard","meta":{"footnotes":""},"categories":[5],"tags":[],"class_list":["post-3419","post","type-post","status-publish","format-standard","has-post-thumbnail","hentry","category-actualidad-limarina"],"_links":{"self":[{"href":"https:\/\/www.radiolimari.cl\/index.php?rest_route=\/wp\/v2\/posts\/3419","targetHints":{"allow":["GET"]}}],"collection":[{"href":"https:\/\/www.radiolimari.cl\/index.php?rest_route=\/wp\/v2\/posts"}],"about":[{"href":"https:\/\/www.radiolimari.cl\/index.php?rest_route=\/wp\/v2\/types\/post"}],"author":[{"embeddable":true,"href":"https:\/\/www.radiolimari.cl\/index.php?rest_route=\/wp\/v2\/users\/2"}],"replies":[{"embeddable":true,"href":"https:\/\/www.radiolimari.cl\/index.php?rest_route=%2Fwp%2Fv2%2Fcomments&post=3419"}],"version-history":[{"count":1,"href":"https:\/\/www.radiolimari.cl\/index.php?rest_route=\/wp\/v2\/posts\/3419\/revisions"}],"predecessor-version":[{"id":3421,"href":"https:\/\/www.radiolimari.cl\/index.php?rest_route=\/wp\/v2\/posts\/3419\/revisions\/3421"}],"wp:featuredmedia":[{"embeddable":true,"href":"https:\/\/www.radiolimari.cl\/index.php?rest_route=\/wp\/v2\/media\/3420"}],"wp:attachment":[{"href":"https:\/\/www.radiolimari.cl\/index.php?rest_route=%2Fwp%2Fv2%2Fmedia&parent=3419"}],"wp:term":[{"taxonomy":"category","embeddable":true,"href":"https:\/\/www.radiolimari.cl\/index.php?rest_route=%2Fwp%2Fv2%2Fcategories&post=3419"},{"taxonomy":"post_tag","embeddable":true,"href":"https:\/\/www.radiolimari.cl\/index.php?rest_route=%2Fwp%2Fv2%2Ftags&post=3419"}],"curies":[{"name":"wp","href":"https:\/\/api.w.org\/{rel}","templated":true}]}}