{"id":3404,"date":"2020-08-15T17:51:43","date_gmt":"2020-08-15T17:51:43","guid":{"rendered":"http:\/\/www.radiolimari.cl\/?p=3404"},"modified":"2020-08-15T17:59:50","modified_gmt":"2020-08-15T17:59:50","slug":"mas-de-270-millones-de-pesos-se-invertiran-en-los-maitenes-de-samo-alto-en-proyectos-presentados-por-el-municipio-y-financiados-por-la-subdere","status":"publish","type":"post","link":"https:\/\/www.radiolimari.cl\/?p=3404","title":{"rendered":"En R\u00edo Hurtado, m\u00e1s de 270 millones de pesos se invertir\u00e1n en los Maitenes de Samo Alto  en proyectos  presentados por el Municipio y financiados por la Subdere"},"content":{"rendered":"<p><a href=\"https:\/\/www.radiolimari.cl\/wp-content\/uploads\/2020\/08\/20200814_134702.jpg\"><img decoding=\"async\" class=\"alignnone size-medium wp-image-3405\" src=\"https:\/\/www.radiolimari.cl\/wp-content\/uploads\/2020\/08\/20200814_134702-300x138.jpg\" alt=\"20200814_134702\" width=\"300\" height=\"138\" srcset=\"https:\/\/www.radiolimari.cl\/wp-content\/uploads\/2020\/08\/20200814_134702-300x138.jpg 300w, https:\/\/www.radiolimari.cl\/wp-content\/uploads\/2020\/08\/20200814_134702-1024x473.jpg 1024w\" sizes=\"(max-width: 300px) 100vw, 300px\" \/><\/a><\/p>\n<p>La inversi\u00f3n considera un sistema de Agua potable y una Plazoleta para la localidad<!--more--><\/p>\n<p>En una agradable ma\u00f1ana los vecinos y vecinas de la localidad de Los Maitenes de Samo Alto, siguiendo todos los protocolos producto de la pandemia del CoronaVirus, se reunieron fuera de la sede social del sector, con el Alcalde de la Comuna, Gary Valenzuela Rojas, el jefe de la Unidad Regional de la SUBDERE, C\u00e9sar G\u00f3mez, los Concejales Solano de la Rivera, Luis Vega, Jaime Flores, equipo Municipal y las dirigentes de la junta de Vecinos\u00a0 de Los Maitenes de Samo Alto Lleny \u00a0Guerrero Jeraldo y la Presidenta de la Comunidad Agr\u00edcola Silvia Guerrero Guerrero.<\/p>\n<p>El motivo de este encuentro fue dar a conocer que se han asignado los recursos para los proyectos presentados por el Alcalde y el Municipio para \u00a0el mejoramiento del sistema de Agua Potable Rural de la localidad, donde se invertir\u00e1n 233 millones de pesos, y el mejoramiento de la Plazoleta donde se invertir\u00e1n 45 millones de pesos.<\/p>\n<p>Fue el propio jefe de la Unidad regional de la subdere Cesar G\u00f3mez quien dio a conocer esta noticia la que fue recibida con mucha felicidad y con aplausos por los vecinos presentes.<\/p>\n<p>Al respecto Cesar Gomes dijo que \u201ces b\u00e1sico en estos tiempos el acceso del agua potable y mas considerando que vivir en el sector rural es muy complejo y estos 233 millones de pesos que invertiremos aqu\u00ed cambiar\u00e1 la vida de la gente y estamos felices de aportar en esta iniciativa\u201d. Tambi\u00e9n el personero de la Subdere a nivel regional dijo que \u201clas obras comenzar\u00edan a fines de septiembre, luego del proceso de licitaci\u00f3n\u201d<\/p>\n<p>Asi mismo anunci\u00f3 que \u201cse han dispuesto 45 millones de pesos para el mejoramiento de la plazoleta de la localidad tan apartada de los centros urbanos, pero no por ello dejado de lado por este gobierno y la preocupaci\u00f3n del alcalde de la comuna Gary Valenzuela, que finalmente la gesti\u00f3n que hace va en directo beneficio de los vecinos\u201d<\/p>\n<p>Por su parte el alcalde de la comuna Gary Valenzuela Rojas, respecto a estos importantes adelantos dados a conocer para la localidad dijo que \u201cR\u00edo Hurtado sigue creciendo con el apoyo de las autoridades provinciales, regionales y nacional, en el contexto de los compromisos que se hacen y los sectores de secano son parte del desarrollo integral del R\u00edo Hurtado y el equilibrio territorial en la entrega de recursos genera esta inversi\u00f3n ac\u00e1, como es el proyecto del agua potable, que tambi\u00e9n lo estamos proyectando para otros sectores como El Romeral y las Minillas, pues no debe haber diferencias entre el mundo urbano y el mundo rural, considerando las dificultades que enfrentamos producto de la crisis sanitaria del Corona Virus, por lo que felicito a los dirigentes y habitantes de los maitenes de Samo Alto, por los dos proyectos que se ejecutar\u00e1n y mis agradecimientos a la Subdere por el Compromiso por el mundo rural \u201d<\/p>\n<p>Muy feliz y agradecida\u00a0 dijo estar la Presidenta de la Junta de vecinos de Los Maitenes de Samo Alto, Lleny Guerrero Jeraldo por las buenas noticias que entreg\u00f3 el Alcalde de R\u00edo Hurtado junto al jefe de la Subdere. \u00a0Sobre\u00a0 esta buena noticia manifest\u00f3 \u201cMuy agradecida, muy contenta, agradecerles a nuestro alcalde, a los concejales y al jefe de la Subdere que nos trajo esta buena noticia que tanto anhel\u00e1bamos, asi que muy contenta y agradecida\u00a0 a pesar de lo que estamos viviendo en el pa\u00eds por la pandemia que nos ha tenido distanciados, pero muy agradecida en nombre de toda la comunidad de los maitenes de Samo Alto\u201d<\/p>\n","protected":false},"excerpt":{"rendered":"<p>La inversi\u00f3n considera un sistema de Agua potable y una Plazoleta para la localidad<\/p>\n","protected":false},"author":2,"featured_media":3405,"comment_status":"open","ping_status":"open","sticky":false,"template":"","format":"standard","meta":{"footnotes":""},"categories":[5],"tags":[],"class_list":["post-3404","post","type-post","status-publish","format-standard","has-post-thumbnail","hentry","category-actualidad-limarina"],"_links":{"self":[{"href":"https:\/\/www.radiolimari.cl\/index.php?rest_route=\/wp\/v2\/posts\/3404","targetHints":{"allow":["GET"]}}],"collection":[{"href":"https:\/\/www.radiolimari.cl\/index.php?rest_route=\/wp\/v2\/posts"}],"about":[{"href":"https:\/\/www.radiolimari.cl\/index.php?rest_route=\/wp\/v2\/types\/post"}],"author":[{"embeddable":true,"href":"https:\/\/www.radiolimari.cl\/index.php?rest_route=\/wp\/v2\/users\/2"}],"replies":[{"embeddable":true,"href":"https:\/\/www.radiolimari.cl\/index.php?rest_route=%2Fwp%2Fv2%2Fcomments&post=3404"}],"version-history":[{"count":2,"href":"https:\/\/www.radiolimari.cl\/index.php?rest_route=\/wp\/v2\/posts\/3404\/revisions"}],"predecessor-version":[{"id":3407,"href":"https:\/\/www.radiolimari.cl\/index.php?rest_route=\/wp\/v2\/posts\/3404\/revisions\/3407"}],"wp:featuredmedia":[{"embeddable":true,"href":"https:\/\/www.radiolimari.cl\/index.php?rest_route=\/wp\/v2\/media\/3405"}],"wp:attachment":[{"href":"https:\/\/www.radiolimari.cl\/index.php?rest_route=%2Fwp%2Fv2%2Fmedia&parent=3404"}],"wp:term":[{"taxonomy":"category","embeddable":true,"href":"https:\/\/www.radiolimari.cl\/index.php?rest_route=%2Fwp%2Fv2%2Fcategories&post=3404"},{"taxonomy":"post_tag","embeddable":true,"href":"https:\/\/www.radiolimari.cl\/index.php?rest_route=%2Fwp%2Fv2%2Ftags&post=3404"}],"curies":[{"name":"wp","href":"https:\/\/api.w.org\/{rel}","templated":true}]}}