{"id":3401,"date":"2020-08-14T19:33:31","date_gmt":"2020-08-14T19:33:31","guid":{"rendered":"http:\/\/www.radiolimari.cl\/?p=3401"},"modified":"2020-08-14T19:33:31","modified_gmt":"2020-08-14T19:33:31","slug":"municipio-de-ovalle-hace-un-llamado-a-asesorarse-para-obtener-un-correcto-registro-social-de-hogares","status":"publish","type":"post","link":"https:\/\/www.radiolimari.cl\/?p=3401","title":{"rendered":"Municipio de Ovalle Hace un llamado a asesorarse para obtener un correcto Registro Social de Hogares"},"content":{"rendered":"<p><a href=\"https:\/\/www.radiolimari.cl\/wp-content\/uploads\/2020\/08\/14.08-Departamento-Social-de-Ovalle-Registro-Social-de-Hogares.jpg\"><img fetchpriority=\"high\" decoding=\"async\" class=\"alignnone size-medium wp-image-3402\" src=\"https:\/\/www.radiolimari.cl\/wp-content\/uploads\/2020\/08\/14.08-Departamento-Social-de-Ovalle-Registro-Social-de-Hogares-300x225.jpg\" alt=\"14.08 Departamento Social de Ovalle - Registro Social de Hogares\" width=\"300\" height=\"225\" srcset=\"https:\/\/www.radiolimari.cl\/wp-content\/uploads\/2020\/08\/14.08-Departamento-Social-de-Ovalle-Registro-Social-de-Hogares-300x225.jpg 300w, https:\/\/www.radiolimari.cl\/wp-content\/uploads\/2020\/08\/14.08-Departamento-Social-de-Ovalle-Registro-Social-de-Hogares-1024x768.jpg 1024w\" sizes=\"(max-width: 300px) 100vw, 300px\" \/><\/a><\/p>\n<p><strong><em>Desde el departamento Social indicaron que cuentan con una alta cantidad de estos documentos mal cursados, debido a que algunos usuarios solicitan ayuda a personas externas al municipio. Quienes tengan que realizar este tr\u00e1mite, s\u00f3lo deben asistir a Libertad 53, de lunes a viernes de 8:30 a 14 horas. <\/em><\/strong><!--more--><\/p>\n<p>Por estos d\u00edas, uno de los documentos m\u00e1s solicitados por los usuarios ovallinos es el Registro Social de Hogares. Es por esta raz\u00f3n, que los profesionales del departamento Social est\u00e1n realizando un intenso trabajo para que las familias lo obtengan de manera r\u00e1pida y expedita. Quienes necesiten este documento deben solicitarlo en calle Libertad #53, de lunes a viernes de 8:30 a 14 horas.<\/p>\n<p>En este sentido, desde el municipio hicieron un llamado \u201ca no asesorarse por personas externas al departamento Social, puesto que tenemos una alta cantidad de Registro Social de Hogares mal cursados, los cuales debemos corregir, para que los usuarios puedan contar con un documento actualizado y acorde a sus necesidades\u201d expres\u00f3 la jefa del departamento Social de Ovalle, Edna Franulic. La profesional agreg\u00f3 que \u201cel \u00fanico organismo ejecutor designado por el ministerio de Desarrollo Social y Familia, para la ejecuci\u00f3n de este programa es la municipalidad de Ovalle\u201d.<\/p>\n<p>Al respecto, el alcalde de Ovalle, Claudio Renter\u00eda indic\u00f3 que \u201chemos dispuesto nuestro personal del departamento Social, para que asesore, tanto a los usuarios que necesitan ayuda, como a quienes deben hacer tr\u00e1mites relacionados con el Registro Social de Hogares, porque sabemos que muchas familias est\u00e1n pasando por momentos muy dif\u00edciles en el \u00e1mbito econ\u00f3mico, debido a la pandemia\u201d.<\/p>\n<p>Diariamente, el personal municipal est\u00e1 entregando apoyo social a quienes lo solicitan y atendiendo tr\u00e1mites relacionados con el Subsidio Familiar y el Subsidio de Agua. Las personas que tengan dudas o necesiten ayuda pueden comunicarse 53 2632860 o al 53 2635383 y en el caso particular del Registro Social de Hogares deben llamar al 9 68322812.<\/p>\n<p>&nbsp;<\/p>\n","protected":false},"excerpt":{"rendered":"<p>Desde el departamento Social indicaron que cuentan con una alta cantidad de estos documentos mal cursados, debido a que algunos usuarios solicitan ayuda a personas externas al municipio. Quienes tengan que realizar este tr\u00e1mite, s\u00f3lo deben asistir a Libertad 53, de lunes a viernes de 8:30 a 14 horas.<\/p>\n","protected":false},"author":2,"featured_media":3402,"comment_status":"open","ping_status":"open","sticky":false,"template":"","format":"standard","meta":{"footnotes":""},"categories":[5],"tags":[],"class_list":["post-3401","post","type-post","status-publish","format-standard","has-post-thumbnail","hentry","category-actualidad-limarina"],"_links":{"self":[{"href":"https:\/\/www.radiolimari.cl\/index.php?rest_route=\/wp\/v2\/posts\/3401","targetHints":{"allow":["GET"]}}],"collection":[{"href":"https:\/\/www.radiolimari.cl\/index.php?rest_route=\/wp\/v2\/posts"}],"about":[{"href":"https:\/\/www.radiolimari.cl\/index.php?rest_route=\/wp\/v2\/types\/post"}],"author":[{"embeddable":true,"href":"https:\/\/www.radiolimari.cl\/index.php?rest_route=\/wp\/v2\/users\/2"}],"replies":[{"embeddable":true,"href":"https:\/\/www.radiolimari.cl\/index.php?rest_route=%2Fwp%2Fv2%2Fcomments&post=3401"}],"version-history":[{"count":1,"href":"https:\/\/www.radiolimari.cl\/index.php?rest_route=\/wp\/v2\/posts\/3401\/revisions"}],"predecessor-version":[{"id":3403,"href":"https:\/\/www.radiolimari.cl\/index.php?rest_route=\/wp\/v2\/posts\/3401\/revisions\/3403"}],"wp:featuredmedia":[{"embeddable":true,"href":"https:\/\/www.radiolimari.cl\/index.php?rest_route=\/wp\/v2\/media\/3402"}],"wp:attachment":[{"href":"https:\/\/www.radiolimari.cl\/index.php?rest_route=%2Fwp%2Fv2%2Fmedia&parent=3401"}],"wp:term":[{"taxonomy":"category","embeddable":true,"href":"https:\/\/www.radiolimari.cl\/index.php?rest_route=%2Fwp%2Fv2%2Fcategories&post=3401"},{"taxonomy":"post_tag","embeddable":true,"href":"https:\/\/www.radiolimari.cl\/index.php?rest_route=%2Fwp%2Fv2%2Ftags&post=3401"}],"curies":[{"name":"wp","href":"https:\/\/api.w.org\/{rel}","templated":true}]}}