{"id":3359,"date":"2020-08-12T22:42:11","date_gmt":"2020-08-12T22:42:11","guid":{"rendered":"http:\/\/www.radiolimari.cl\/?p=3359"},"modified":"2020-08-12T22:42:11","modified_gmt":"2020-08-12T22:42:11","slug":"en-ovalle-iluminan-amplio-sector-de-villa-el-ingenio","status":"publish","type":"post","link":"https:\/\/www.radiolimari.cl\/?p=3359","title":{"rendered":"En Ovalle Iluminan amplio sector de Villa El Ingenio"},"content":{"rendered":"<p><a href=\"https:\/\/www.radiolimari.cl\/wp-content\/uploads\/2020\/08\/12.08-Iluminaci\u00f3n-Villa-El-Ingenio.jpg\"><img fetchpriority=\"high\" decoding=\"async\" class=\"alignnone size-medium wp-image-3360\" src=\"https:\/\/www.radiolimari.cl\/wp-content\/uploads\/2020\/08\/12.08-Iluminaci\u00f3n-Villa-El-Ingenio-300x225.jpg\" alt=\"12.08 Iluminaci\u00f3n Villa El Ingenio\" width=\"300\" height=\"225\" srcset=\"https:\/\/www.radiolimari.cl\/wp-content\/uploads\/2020\/08\/12.08-Iluminaci\u00f3n-Villa-El-Ingenio-300x225.jpg 300w, https:\/\/www.radiolimari.cl\/wp-content\/uploads\/2020\/08\/12.08-Iluminaci\u00f3n-Villa-El-Ingenio-1024x768.jpg 1024w\" sizes=\"(max-width: 300px) 100vw, 300px\" \/><\/a><\/p>\n<p><strong><em>El proyecto de iluminaci\u00f3n se concret\u00f3 gracias a la postulaci\u00f3n del municipio de Ovalle y el financiamiento de la Subsecretar\u00eda de Desarrollo Regional de 25 millones de pesos, que permiti\u00f3 la instalaci\u00f3n de 37 luminarias LED en la tercera etapa del sector residencial<\/em><\/strong><!--more--><\/p>\n<p>Una nueva imagen tiene la tercera etapa de la villa El Ingenio. Esto, gracias a un proyecto de iluminaci\u00f3n que fue dise\u00f1ado y presentado por el municipio de Ovalle a la Subsecretar\u00eda de Desarrollo Regional (SUBDERE), que entreg\u00f3 un financiamiento de $25.702.775.<\/p>\n<p>Con estos recursos, del Plan Espacios P\u00fablicos Seguros, se instalaron 37 luminarias LED, que permiten contar con una mayor luminosidad y un menor consumo de energ\u00eda. Desde ahora, los vecinos del sector cuentan con una avenida y \u00e1reas de esparcimiento m\u00e1s iluminadas y seguras.<\/p>\n<p>El principal prop\u00f3sito de este plan gubernamental es recuperar lugares que presentan cierto grado de vulnerabilidad o est\u00e1n eriazos, para convertirlos en lugares aptos para la recreaci\u00f3n de las familias.<\/p>\n<p>El alcalde de Ovalle, Claudio Renter\u00eda se\u00f1al\u00f3 que es muy importante el objetivo de la SUBDERE, porque \u201cva de la mano con uno de los prop\u00f3sitos de nuestra administraci\u00f3n que es recuperar espacios p\u00fablicos y convertirlos en \u00e1reas amigables y aptas para la recreaci\u00f3n, sobretodo para los ni\u00f1os\u201d.<\/p>\n<p>El municipio de Ovalle, a trav\u00e9s de este financiamiento se adjudic\u00f3 10 iniciativas que en su conjunto alcanzan una inversi\u00f3n de 391 millones de pesos, donde se incluye la iluminaci\u00f3n de la calle Daniel Riquelme, a un costado del Cementerio Municipal, y un tramo de la Avenida Manuel Pe\u00f1afiel, frente a la poblaci\u00f3n Vista Hermosa.<\/p>\n<p>Para la ejecuci\u00f3n de estos proyectos el municipio local, la SUBDERE y Carabineros trabajaron en un catastro y se designaron los sectores intervenidos con obras de mejoramiento e instalaci\u00f3n de nuevos sistemas de iluminaci\u00f3n.<\/p>\n","protected":false},"excerpt":{"rendered":"<p>El proyecto de iluminaci\u00f3n se concret\u00f3 gracias a la postulaci\u00f3n del municipio de Ovalle y el financiamiento de la Subsecretar\u00eda de Desarrollo Regional de 25 millones de pesos, que permiti\u00f3 la instalaci\u00f3n de 37 luminarias LED en la tercera etapa del sector residencial<\/p>\n","protected":false},"author":2,"featured_media":3360,"comment_status":"open","ping_status":"open","sticky":false,"template":"","format":"standard","meta":{"footnotes":""},"categories":[5],"tags":[],"class_list":["post-3359","post","type-post","status-publish","format-standard","has-post-thumbnail","hentry","category-actualidad-limarina"],"_links":{"self":[{"href":"https:\/\/www.radiolimari.cl\/index.php?rest_route=\/wp\/v2\/posts\/3359","targetHints":{"allow":["GET"]}}],"collection":[{"href":"https:\/\/www.radiolimari.cl\/index.php?rest_route=\/wp\/v2\/posts"}],"about":[{"href":"https:\/\/www.radiolimari.cl\/index.php?rest_route=\/wp\/v2\/types\/post"}],"author":[{"embeddable":true,"href":"https:\/\/www.radiolimari.cl\/index.php?rest_route=\/wp\/v2\/users\/2"}],"replies":[{"embeddable":true,"href":"https:\/\/www.radiolimari.cl\/index.php?rest_route=%2Fwp%2Fv2%2Fcomments&post=3359"}],"version-history":[{"count":1,"href":"https:\/\/www.radiolimari.cl\/index.php?rest_route=\/wp\/v2\/posts\/3359\/revisions"}],"predecessor-version":[{"id":3361,"href":"https:\/\/www.radiolimari.cl\/index.php?rest_route=\/wp\/v2\/posts\/3359\/revisions\/3361"}],"wp:featuredmedia":[{"embeddable":true,"href":"https:\/\/www.radiolimari.cl\/index.php?rest_route=\/wp\/v2\/media\/3360"}],"wp:attachment":[{"href":"https:\/\/www.radiolimari.cl\/index.php?rest_route=%2Fwp%2Fv2%2Fmedia&parent=3359"}],"wp:term":[{"taxonomy":"category","embeddable":true,"href":"https:\/\/www.radiolimari.cl\/index.php?rest_route=%2Fwp%2Fv2%2Fcategories&post=3359"},{"taxonomy":"post_tag","embeddable":true,"href":"https:\/\/www.radiolimari.cl\/index.php?rest_route=%2Fwp%2Fv2%2Ftags&post=3359"}],"curies":[{"name":"wp","href":"https:\/\/api.w.org\/{rel}","templated":true}]}}