{"id":3356,"date":"2020-08-12T22:31:13","date_gmt":"2020-08-12T22:31:13","guid":{"rendered":"http:\/\/www.radiolimari.cl\/?p=3356"},"modified":"2020-08-12T22:31:13","modified_gmt":"2020-08-12T22:31:13","slug":"en-ovalle-fiscalia-instruyo-diligencias-ante-denuncia-de-presunta-usurpacion-de-identidad-en-retiro-del-10","status":"publish","type":"post","link":"https:\/\/www.radiolimari.cl\/?p=3356","title":{"rendered":"En Ovalle Fiscal\u00eda instruy\u00f3 diligencias ante denuncia de presunta usurpaci\u00f3n de identidad en retiro del 10%."},"content":{"rendered":"<p><a href=\"https:\/\/www.radiolimari.cl\/wp-content\/uploads\/2020\/08\/12.08-fiscalesovalle.jpeg\"><img fetchpriority=\"high\" decoding=\"async\" class=\"alignnone size-medium wp-image-3357\" src=\"https:\/\/www.radiolimari.cl\/wp-content\/uploads\/2020\/08\/12.08-fiscalesovalle-300x225.jpeg\" alt=\"12.08 fiscalesovalle\" width=\"300\" height=\"225\" srcset=\"https:\/\/www.radiolimari.cl\/wp-content\/uploads\/2020\/08\/12.08-fiscalesovalle-300x225.jpeg 300w, https:\/\/www.radiolimari.cl\/wp-content\/uploads\/2020\/08\/12.08-fiscalesovalle.jpeg 400w\" sizes=\"(max-width: 300px) 100vw, 300px\" \/><\/a><\/p>\n<p><span style=\"font-style: italic; color: #7c7c7c;\">iscal hizo un llamado a la comunidad a aportar antecedentes si cualquier persona se viera afectada por alg\u00fan eventual il\u00edcito.<\/span><!--more--><\/p>\n<p style=\"color: #424242;\">La Fiscal\u00eda de Ovalle recibi\u00f3 una denuncia de una persona quien daba cuenta de una presunta utilizaci\u00f3n de su identidad, en el contexto del retiro del 10% de la AFP.<\/p>\n<p style=\"color: #424242;\">As\u00ed lo inform\u00f3 el fiscal jefe de Ovalle, Carlos Jim\u00e9nez, quien dijo que se est\u00e1 investigando este hecho.<\/p>\n<p style=\"color: #424242;\">\u201cQuien denuncia se percat\u00f3 que al ingresar a su cuenta le aparec\u00eda un mensaje que hab\u00eda efectuado el tr\u00e1mite. Se acogi\u00f3 la denuncia y se instruy\u00f3 a la Brigada de Investigaci\u00f3n Criminal de la PDI para realizar todas las diligencias a fin de establecer estos hechos y determinar la responsabilidad de alguna persona\u201d, dijo.<\/p>\n<p style=\"color: #424242;\">En ese contexto, Jim\u00e9nez a\u00f1adi\u00f3 que la Fiscal\u00eda de Ovalle \u201chace un llamado a la comunidad, a quienes se vean afectados, para que hagan las denuncias y puedan aportar los antecedentes correspondientes y por cierto tener el resguardo debido de sus datos personales en materia del retiro del 10% de la AFP\u201d, dijo el fiscal.<\/p>\n<p style=\"color: #424242;\">Respecto al caso denunciado, la Fiscal\u00eda est\u00e1 por ahora verificando si efectivamente se hizo el retiro de los fondos o no.<\/p>\n<p style=\"color: #424242;\"><strong>Datos a aportar<\/strong><\/p>\n<p style=\"color: #424242;\">El fiscal Jim\u00e9nez a\u00f1adi\u00f3 que entre los antecedentes que pueden aportar las personas est\u00e1 por ejemplo alg\u00fan certificado o planilla de la AFP que pueda dar cuenta de la activaci\u00f3n o utilizaci\u00f3n de la posibilidad del retiro, junto con los datos de la persona.<\/p>\n<p style=\"color: #424242;\">En caso que ocurra el retiro, \u201ctambi\u00e9n requerimos contar con esa informaci\u00f3n, registro, certificado o planilla en que se acredite el retiro de los fondos\u201d, dijo.<\/p>\n<p style=\"color: #424242;\">\u201cCon eso podemos saber o investigar la forma en que se hizo ese retiro, ya sea con dep\u00f3sito o transferencia a alguna otra cuenta o con alg\u00fan retiro de dinero en efectivo\u201d, dijo finalmente el fiscal jefe de Ovalle.<\/p>\n","protected":false},"excerpt":{"rendered":"<p>iscal hizo un llamado a la comunidad a aportar antecedentes si cualquier persona se viera afectada por alg\u00fan eventual il\u00edcito.<\/p>\n","protected":false},"author":2,"featured_media":3357,"comment_status":"open","ping_status":"open","sticky":false,"template":"","format":"standard","meta":{"footnotes":""},"categories":[5],"tags":[],"class_list":["post-3356","post","type-post","status-publish","format-standard","has-post-thumbnail","hentry","category-actualidad-limarina"],"_links":{"self":[{"href":"https:\/\/www.radiolimari.cl\/index.php?rest_route=\/wp\/v2\/posts\/3356","targetHints":{"allow":["GET"]}}],"collection":[{"href":"https:\/\/www.radiolimari.cl\/index.php?rest_route=\/wp\/v2\/posts"}],"about":[{"href":"https:\/\/www.radiolimari.cl\/index.php?rest_route=\/wp\/v2\/types\/post"}],"author":[{"embeddable":true,"href":"https:\/\/www.radiolimari.cl\/index.php?rest_route=\/wp\/v2\/users\/2"}],"replies":[{"embeddable":true,"href":"https:\/\/www.radiolimari.cl\/index.php?rest_route=%2Fwp%2Fv2%2Fcomments&post=3356"}],"version-history":[{"count":1,"href":"https:\/\/www.radiolimari.cl\/index.php?rest_route=\/wp\/v2\/posts\/3356\/revisions"}],"predecessor-version":[{"id":3358,"href":"https:\/\/www.radiolimari.cl\/index.php?rest_route=\/wp\/v2\/posts\/3356\/revisions\/3358"}],"wp:featuredmedia":[{"embeddable":true,"href":"https:\/\/www.radiolimari.cl\/index.php?rest_route=\/wp\/v2\/media\/3357"}],"wp:attachment":[{"href":"https:\/\/www.radiolimari.cl\/index.php?rest_route=%2Fwp%2Fv2%2Fmedia&parent=3356"}],"wp:term":[{"taxonomy":"category","embeddable":true,"href":"https:\/\/www.radiolimari.cl\/index.php?rest_route=%2Fwp%2Fv2%2Fcategories&post=3356"},{"taxonomy":"post_tag","embeddable":true,"href":"https:\/\/www.radiolimari.cl\/index.php?rest_route=%2Fwp%2Fv2%2Ftags&post=3356"}],"curies":[{"name":"wp","href":"https:\/\/api.w.org\/{rel}","templated":true}]}}