{"id":3353,"date":"2020-08-12T22:25:39","date_gmt":"2020-08-12T22:25:39","guid":{"rendered":"http:\/\/www.radiolimari.cl\/?p=3353"},"modified":"2020-08-12T22:25:39","modified_gmt":"2020-08-12T22:25:39","slug":"con-obra-de-teatro-online-integra-celebrara-a-ninos-y-ninas","status":"publish","type":"post","link":"https:\/\/www.radiolimari.cl\/?p=3353","title":{"rendered":"Con obra de teatro online Integra celebrar\u00e1 a ni\u00f1os y ni\u00f1as"},"content":{"rendered":"<p><a href=\"https:\/\/www.radiolimari.cl\/wp-content\/uploads\/2020\/08\/12.08-D\u00eda-del-Ni\u00f1o-y-Ni\u00f1a-Integra-2020.jpg\"><img fetchpriority=\"high\" decoding=\"async\" class=\"alignnone size-medium wp-image-3354\" src=\"https:\/\/www.radiolimari.cl\/wp-content\/uploads\/2020\/08\/12.08-D\u00eda-del-Ni\u00f1o-y-Ni\u00f1a-Integra-2020-297x300.jpg\" alt=\"12.08 D\u00eda del Ni\u00f1o y Ni\u00f1a Integra 2020\" width=\"297\" height=\"300\" srcset=\"https:\/\/www.radiolimari.cl\/wp-content\/uploads\/2020\/08\/12.08-D\u00eda-del-Ni\u00f1o-y-Ni\u00f1a-Integra-2020-297x300.jpg 297w, https:\/\/www.radiolimari.cl\/wp-content\/uploads\/2020\/08\/12.08-D\u00eda-del-Ni\u00f1o-y-Ni\u00f1a-Integra-2020-1015x1024.jpg 1015w, https:\/\/www.radiolimari.cl\/wp-content\/uploads\/2020\/08\/12.08-D\u00eda-del-Ni\u00f1o-y-Ni\u00f1a-Integra-2020-70x70.jpg 70w, https:\/\/www.radiolimari.cl\/wp-content\/uploads\/2020\/08\/12.08-D\u00eda-del-Ni\u00f1o-y-Ni\u00f1a-Integra-2020.jpg 1388w\" sizes=\"(max-width: 297px) 100vw, 297px\" \/><\/a><\/p>\n<h6><b style=\"color: #000000;\"><span style=\"font-size: medium;\">Este jueves 13 de agosto a las 17:00 horas, a trav\u00e9s de sus plataformas de Facebook y Youtube.<\/span><\/b><\/h6>\n<p><!--more--><\/p>\n<p style=\"font-weight: 400;\">Celebrar y reconocer a los ni\u00f1os y ni\u00f1as, adem\u00e1s de promover especialmente sus derechos, es el objetivo que se ha propuesto con fuerza\u00a0 para esta semana Fundaci\u00f3n Integra, ya que se cumplen 30 a\u00f1os desde que Chile ratific\u00f3 la\u00a0 Convenci\u00f3n sobre los Derechos de Ni\u00f1os y Ni\u00f1as de Naciones Unidas, el 14 de agosto de 1990.<\/p>\n<p style=\"font-weight: 400;\">\n<p style=\"font-weight: 400;\">Este a\u00f1o, debido a la pandemia, ni\u00f1os y ni\u00f1as han dejado de asistir a sus escuelas, salas cuna y jardines infantiles, como una medida preventiva. Sin embargo, los equipos educativos no han perdido el v\u00ednculo afectivo con ellos y sus familias, proponiendo juegos y actividades l\u00fadicas y de contenci\u00f3n emocional, que adem\u00e1s favorezcan aprendizajes.<\/p>\n<p style=\"font-weight: 400;\">\n<p style=\"font-weight: 400;\">Javiera Adaro, Directora Regional de Fundaci\u00f3n Integra, explica que la situaci\u00f3n de estos meses no ha sido f\u00e1cil para nadie, sobre todo para los ni\u00f1os y ni\u00f1as, que han extra\u00f1ado a sus amigos, t\u00edas y profesores, y han debido adaptarse a la situaci\u00f3n de confinamiento, sin poder salir a jugar. Por eso, la instituci\u00f3n ha organizado la transmisi\u00f3n de una obra de teatro online creada especialmente para reconocerlos a ellos y ellas, la que ser\u00e1 posible de ver a trav\u00e9s de internet.<\/p>\n<p style=\"font-weight: 400;\">\n<p style=\"font-weight: 400;\">\u201cDurante esta semana en Fundaci\u00f3n Integra estamos celebrando a los ni\u00f1os y ni\u00f1as y dando relevancia a sus derechos. Por eso, el jueves 13 de agosto, a las 17:00 horas, por nuestras redes sociales de Facebook y YouTube, estaremos festejando con toda la familia, con una obra de teatro especialmente creada para los ni\u00f1os, que han sido tan valientes en esta pandemia\u201d, manifest\u00f3 Adaro.<\/p>\n<p style=\"font-weight: 400;\">\n<p style=\"font-weight: 400;\">La obra de teatro para ni\u00f1os y ni\u00f1as se podr\u00e1 ver a trav\u00e9s de los siguientes enlaces en Facebook y YouTube de Integra:<\/p>\n<p style=\"font-weight: 400;\"><strong><a href=\"https:\/\/www.facebook.com\/f.integra\/posts\/4164355783635838\" data-saferedirecturl=\"https:\/\/www.google.com\/url?q=https:\/\/www.facebook.com\/f.integra\/posts\/4164355783635838&amp;source=gmail&amp;ust=1597355732592000&amp;usg=AFQjCNHmWyP_IKfV9yAVF-NvpM9aWlLdiQ\">https:\/\/www.facebook.com\/f.integra\/posts\/4164355783635838<\/a><\/strong><\/p>\n<p style=\"font-weight: 400;\"><strong><a href=\"https:\/\/youtu.be\/raVu4r2hhJU\" data-saferedirecturl=\"https:\/\/www.google.com\/url?q=https:\/\/youtu.be\/raVu4r2hhJU&amp;source=gmail&amp;ust=1597355732592000&amp;usg=AFQjCNG9h4n77CAA8tjBphwv-JYwbGvN7A\">https:\/\/youtu.be\/raVu4r2hhJU<\/a>\u00a0<\/strong><\/p>\n","protected":false},"excerpt":{"rendered":"<p>Este jueves 13 de agosto a las 17:00 horas, a trav\u00e9s de sus plataformas de Facebook y Youtube.<\/p>\n","protected":false},"author":2,"featured_media":3354,"comment_status":"open","ping_status":"open","sticky":false,"template":"","format":"standard","meta":{"footnotes":""},"categories":[3],"tags":[],"class_list":["post-3353","post","type-post","status-publish","format-standard","has-post-thumbnail","hentry","category-actualidad"],"_links":{"self":[{"href":"https:\/\/www.radiolimari.cl\/index.php?rest_route=\/wp\/v2\/posts\/3353","targetHints":{"allow":["GET"]}}],"collection":[{"href":"https:\/\/www.radiolimari.cl\/index.php?rest_route=\/wp\/v2\/posts"}],"about":[{"href":"https:\/\/www.radiolimari.cl\/index.php?rest_route=\/wp\/v2\/types\/post"}],"author":[{"embeddable":true,"href":"https:\/\/www.radiolimari.cl\/index.php?rest_route=\/wp\/v2\/users\/2"}],"replies":[{"embeddable":true,"href":"https:\/\/www.radiolimari.cl\/index.php?rest_route=%2Fwp%2Fv2%2Fcomments&post=3353"}],"version-history":[{"count":1,"href":"https:\/\/www.radiolimari.cl\/index.php?rest_route=\/wp\/v2\/posts\/3353\/revisions"}],"predecessor-version":[{"id":3355,"href":"https:\/\/www.radiolimari.cl\/index.php?rest_route=\/wp\/v2\/posts\/3353\/revisions\/3355"}],"wp:featuredmedia":[{"embeddable":true,"href":"https:\/\/www.radiolimari.cl\/index.php?rest_route=\/wp\/v2\/media\/3354"}],"wp:attachment":[{"href":"https:\/\/www.radiolimari.cl\/index.php?rest_route=%2Fwp%2Fv2%2Fmedia&parent=3353"}],"wp:term":[{"taxonomy":"category","embeddable":true,"href":"https:\/\/www.radiolimari.cl\/index.php?rest_route=%2Fwp%2Fv2%2Fcategories&post=3353"},{"taxonomy":"post_tag","embeddable":true,"href":"https:\/\/www.radiolimari.cl\/index.php?rest_route=%2Fwp%2Fv2%2Ftags&post=3353"}],"curies":[{"name":"wp","href":"https:\/\/api.w.org\/{rel}","templated":true}]}}